
{"id":39368,"date":"2026-09-04T11:01:26","date_gmt":"2026-09-04T14:01:26","guid":{"rendered":"https:\/\/visaodealagoas.com.br\/inicio\/?p=39368"},"modified":"2026-09-04T11:01:26","modified_gmt":"2026-09-04T14:01:26","slug":"moraes-e-vorcaro-o-que-ha-de-fato-nessa-historia","status":"publish","type":"post","link":"https:\/\/visaodealagoas.com.br\/inicio\/moraes-e-vorcaro-o-que-ha-de-fato-nessa-historia\/","title":{"rendered":"Moraes e Vorcaro: o que h\u00e1 de fato nessa hist\u00f3ria?"},"content":{"rendered":"<p style=\"text-align: justify;\">O que h\u00e1 de fato nessa hist\u00f3ria envolvendo Alexandre de Moraes e Daniel Vorcaro?<\/p>\n<p style=\"text-align: justify;\">A pergunta ganhou espa\u00e7o no debate p\u00fablico depois que o nome do ministro do Supremo Tribunal Federal passou a ser relacionado ao do empres\u00e1rio Daniel Vorcaro, controlador do Banco Master, em meio \u00e0s investiga\u00e7\u00f5es que envolvem o banco.<\/p>\n<p style=\"text-align: justify;\">Mas, quando o assunto envolve um ministro da mais alta Corte do pa\u00eds e um empres\u00e1rio cercado por investiga\u00e7\u00f5es, \u00e9 preciso caminhar com cuidado. Uma acusa\u00e7\u00e3o n\u00e3o \u00e9 uma condena\u00e7\u00e3o. Uma rela\u00e7\u00e3o ou encontro tamb\u00e9m n\u00e3o \u00e9, por si s\u00f3, prova de irregularidade.<\/p>\n<p style=\"text-align: justify;\">Moraes \u00e9 ministro do STF desde 2017 e ocupa a Vice-Presid\u00eancia da Corte desde setembro de 2025. Vorcaro, por sua vez, tornou-se um dos principais personagens do caso Banco Master.<\/p>\n<p style=\"text-align: justify;\">E \u00e9 justamente nesse encontro de nomes, interesses e vers\u00f5es que surgem as perguntas que precisam ser respondidas: que rela\u00e7\u00e3o existia entre os dois? O que est\u00e1 documentado? O que foi apenas alegado? E existe, de fato, alguma irregularidade?<\/p>\n<p style=\"text-align: justify;\">Perguntar n\u00e3o \u00e9 condenar.<\/p>\n<p style=\"text-align: justify;\">Em tempos de redes sociais, por\u00e9m, a velocidade da informa\u00e7\u00e3o muitas vezes atropela a apura\u00e7\u00e3o. Uma acusa\u00e7\u00e3o vira manchete, a manchete vira senten\u00e7a e, quando se procura a prova, o julgamento j\u00e1 parece ter terminado.<\/p>\n<p style=\"text-align: justify;\">N\u00e3o deveria ser assim.<\/p>\n<p style=\"text-align: justify;\">Ministros do Supremo precisam estar sujeitos ao escrut\u00ednio p\u00fablico. Empres\u00e1rios tamb\u00e9m. Quanto maior o poder, maior deve ser a transpar\u00eancia. Mas transpar\u00eancia n\u00e3o significa condena\u00e7\u00e3o antecipada.<\/p>\n<p style=\"text-align: justify;\">Se existem fatos que precisam ser investigados, que sejam. Se existem documentos, que sejam apresentados. Se as acusa\u00e7\u00f5es n\u00e3o se sustentarem, que isso tamb\u00e9m seja esclarecido.<\/p>\n<p style=\"text-align: justify;\">O cidad\u00e3o brasileiro merece mais do que vers\u00f5es lan\u00e7adas ao vento. Merece fatos.<\/p>\n<p style=\"text-align: justify;\">Talvez essa seja a principal pergunta escondida nessa hist\u00f3ria: estamos diante de uma irregularidade comprov\u00e1vel ou de mais um epis\u00f3dio em que a suspeita corre muito mais r\u00e1pido do que a verdade?<\/p>\n<p style=\"text-align: justify;\">Enquanto as respostas n\u00e3o chegam, cabe ao jornalismo fazer o que dele se espera: perguntar, apurar e n\u00e3o confundir acusa\u00e7\u00e3o com senten\u00e7a.<\/p>\n<p style=\"text-align: justify;\">Porque, nas entrelinhas, pode haver muita coisa.<\/p>\n<p style=\"text-align: justify;\">Mas a verdade precisa estar nos fatos.<\/p>\n<p>&nbsp;<\/p>\n<p>&nbsp;<\/p>\n<p style=\"text-align: justify;\"><em><strong>Duse Leite<\/strong> \u00e9 funcion\u00e1ria p\u00fablica e jornalista.<\/em><\/p>\n","protected":false},"excerpt":{"rendered":"<p>O que h\u00e1 de fato nessa hist\u00f3ria envolvendo Alexandre de Moraes e Daniel Vorcaro? A pergunta ganhou espa\u00e7o no debate p\u00fablico depois que o nome do ministro do Supremo Tribunal Federal passou a ser relacionado ao do empres\u00e1rio Daniel Vorcaro, controlador do Banco Master, em meio \u00e0s investiga\u00e7\u00f5es que envolvem o banco. Mas, quando o &#8230;<\/p>\n","protected":false},"author":24,"featured_media":39369,"comment_status":"closed","ping_status":"open","sticky":false,"template":"","format":"standard","meta":{"footnotes":""},"categories":[174],"tags":[],"class_list":["post-39368","post","type-post","status-publish","format-standard","has-post-thumbnail","hentry","category-visao-de-tudo"],"_links":{"self":[{"href":"https:\/\/visaodealagoas.com.br\/inicio\/wp-json\/wp\/v2\/posts\/39368","targetHints":{"allow":["GET"]}}],"collection":[{"href":"https:\/\/visaodealagoas.com.br\/inicio\/wp-json\/wp\/v2\/posts"}],"about":[{"href":"https:\/\/visaodealagoas.com.br\/inicio\/wp-json\/wp\/v2\/types\/post"}],"author":[{"embeddable":true,"href":"https:\/\/visaodealagoas.com.br\/inicio\/wp-json\/wp\/v2\/users\/24"}],"replies":[{"embeddable":true,"href":"https:\/\/visaodealagoas.com.br\/inicio\/wp-json\/wp\/v2\/comments?post=39368"}],"version-history":[{"count":1,"href":"https:\/\/visaodealagoas.com.br\/inicio\/wp-json\/wp\/v2\/posts\/39368\/revisions"}],"predecessor-version":[{"id":39370,"href":"https:\/\/visaodealagoas.com.br\/inicio\/wp-json\/wp\/v2\/posts\/39368\/revisions\/39370"}],"wp:featuredmedia":[{"embeddable":true,"href":"https:\/\/visaodealagoas.com.br\/inicio\/wp-json\/wp\/v2\/media\/39369"}],"wp:attachment":[{"href":"https:\/\/visaodealagoas.com.br\/inicio\/wp-json\/wp\/v2\/media?parent=39368"}],"wp:term":[{"taxonomy":"category","embeddable":true,"href":"https:\/\/visaodealagoas.com.br\/inicio\/wp-json\/wp\/v2\/categories?post=39368"},{"taxonomy":"post_tag","embeddable":true,"href":"https:\/\/visaodealagoas.com.br\/inicio\/wp-json\/wp\/v2\/tags?post=39368"}],"curies":[{"name":"wp","href":"https:\/\/api.w.org\/{rel}","templated":true}]}}