
{"id":39337,"date":"2026-09-03T12:57:02","date_gmt":"2026-09-03T15:57:02","guid":{"rendered":"https:\/\/visaodealagoas.com.br\/inicio\/?p=39337"},"modified":"2026-09-03T12:57:02","modified_gmt":"2026-09-03T15:57:02","slug":"quando-o-cuidado-tambem-e-uma-forma-de-carinho","status":"publish","type":"post","link":"https:\/\/visaodealagoas.com.br\/inicio\/quando-o-cuidado-tambem-e-uma-forma-de-carinho\/","title":{"rendered":"Quando o cuidado tamb\u00e9m \u00e9 uma forma de carinho"},"content":{"rendered":"<p style=\"text-align: justify;\">H\u00e1 momentos em que a vida nos faz parar. O tempo parece andar diferente quando algu\u00e9m que amamos precisa de um hospital. A preocupa\u00e7\u00e3o ocupa espa\u00e7o, o cora\u00e7\u00e3o fica apertado e cada not\u00edcia \u00e9 recebida com uma mistura de medo e esperan\u00e7a.<\/p>\n<p style=\"text-align: justify;\">Foi assim nos dias em que minha m\u00e3e precisou ficar internada no Hospital Jo\u00e3o Lyra Filho, em Atalaia.<\/p>\n<p style=\"text-align: justify;\">Chegamos levando a preocupa\u00e7\u00e3o de uma fam\u00edlia e sa\u00edmos levando, al\u00e9m da gratid\u00e3o pela recupera\u00e7\u00e3o dela, uma lembran\u00e7a bonita de pessoas que entenderam que cuidar de algu\u00e9m vai muito al\u00e9m de exercer uma profiss\u00e3o.<\/p>\n<p style=\"text-align: justify;\">Por isso, escrevo hoje n\u00e3o para falar da doen\u00e7a, mas para falar de cuidado.<\/p>\n<p style=\"text-align: justify;\">Quero agradecer aos m\u00e9dicos, pela aten\u00e7\u00e3o, pela responsabilidade e pelo acompanhamento. \u00c0 equipe de enfermagem, que esteve presente nos momentos mais delicados, com paci\u00eancia, dedica\u00e7\u00e3o e aquele cuidado que muitas vezes aparece em pequenos gestos.<\/p>\n<p style=\"text-align: justify;\">Porque, dentro de um hospital, uma palavra dita com calma pode tranquilizar. Um olhar atento pode transmitir seguran\u00e7a. Uma m\u00e3o que ajuda pode fazer diferen\u00e7a. E uma pergunta simples \u2014 \u201cest\u00e1 tudo bem?\u201d \u2014 pode significar muito para quem est\u00e1 ali, fragilizado e com o cora\u00e7\u00e3o cheio de incertezas.<\/p>\n<p style=\"text-align: justify;\">Tamb\u00e9m quero agradecer aos profissionais da limpeza, que cuidam diariamente para que o ambiente esteja organizado e acolhedor; \u00e0 equipe administrativa, que muitas vezes trabalha longe dos olhos de quem est\u00e1 sendo atendido, mas \u00e9 essencial para que tudo funcione; \u00e0s assistentes sociais, pela aten\u00e7\u00e3o e pelo acolhimento; e a todos os profissionais que, de alguma maneira, fizeram parte dos dias em que minha m\u00e3e esteve ali.<\/p>\n<p style=\"text-align: justify;\">Nem sempre sabemos o nome de quem nos atende. \u00c0s vezes, n\u00e3o conseguimos sequer agradecer na hora. Mas guardamos os gestos.<\/p>\n<p style=\"text-align: justify;\">E alguns gestos permanecem.<\/p>\n<p style=\"text-align: justify;\">Quando temos algu\u00e9m que amamos dentro de um hospital, aprendemos a olhar para aquela institui\u00e7\u00e3o de outra maneira. Deixamos de enxergar apenas paredes, corredores, leitos, medicamentos e procedimentos.<\/p>\n<p style=\"text-align: justify;\">Passamos a enxergar pessoas cuidando de pessoas.<\/p>\n<p style=\"text-align: justify;\">Foi isso que encontramos no Hospital Jo\u00e3o Lyra Filho.<\/p>\n<p style=\"text-align: justify;\">Encontramos profissionais cumprindo suas fun\u00e7\u00f5es, sim, mas tamb\u00e9m encontramos humanidade. E isso merece ser reconhecido.<\/p>\n<p style=\"text-align: justify;\">Minha m\u00e3e recebeu atendimento. N\u00f3s, como fam\u00edlia, recebemos acolhimento. E, em momentos de fragilidade, acolher tamb\u00e9m \u00e9 uma forma de cuidar.<\/p>\n<p style=\"text-align: justify;\">Talvez seja por isso que algumas pessoas passam pela nossa vida por poucos dias e, ainda assim, deixam uma lembran\u00e7a que permanece por muito tempo.<\/p>\n<p style=\"text-align: justify;\">N\u00e3o sei o nome de todos aqueles que cuidaram da minha m\u00e3e. Mas sei que cada um, \u00e0 sua maneira, fez parte de uma hist\u00f3ria que terminou com um sentimento que quero deixar registrado: gratid\u00e3o.<\/p>\n<p style=\"text-align: justify;\">Em nome da minha m\u00e3e e de toda a nossa fam\u00edlia, o nosso muito obrigada a todos que fazem o Hospital Jo\u00e3o Lyra Filho, em Atalaia, acontecer todos os dias.<\/p>\n<p style=\"text-align: justify;\">Aos m\u00e9dicos, enfermeiros, t\u00e9cnicos, profissionais da limpeza, equipe administrativa, as assistentes sociais e a todos os demais trabalhadores: recebam o nosso reconhecimento e o nosso carinho.<\/p>\n<p style=\"text-align: justify;\">Porque cuidar de algu\u00e9m \u00e9 mais do que cumprir uma profiss\u00e3o.<\/p>\n<p style=\"text-align: justify;\">\u00c9 oferecer, muitas vezes sem perceber, um pouco de tranquilidade a quem est\u00e1 com o cora\u00e7\u00e3o aflito.<\/p>\n<p style=\"text-align: justify;\">E, quando a gente recebe esse cuidado justamente nos dias em que mais precisa, ele nunca \u00e9 esquecido.<\/p>\n<p>&nbsp;<\/p>\n<p>&nbsp;<\/p>\n<p style=\"text-align: justify;\"><em><strong>Duse Leite<\/strong> \u00e9 funcion\u00e1ria p\u00fablica e jornalista<\/em><\/p>\n","protected":false},"excerpt":{"rendered":"<p>H\u00e1 momentos em que a vida nos faz parar. O tempo parece andar diferente quando algu\u00e9m que amamos precisa de um hospital. A preocupa\u00e7\u00e3o ocupa espa\u00e7o, o cora\u00e7\u00e3o fica apertado e cada not\u00edcia \u00e9 recebida com uma mistura de medo e esperan\u00e7a. Foi assim nos dias em que minha m\u00e3e precisou ficar internada no Hospital &#8230;<\/p>\n","protected":false},"author":24,"featured_media":39338,"comment_status":"closed","ping_status":"open","sticky":false,"template":"","format":"standard","meta":{"footnotes":""},"categories":[174],"tags":[],"class_list":["post-39337","post","type-post","status-publish","format-standard","has-post-thumbnail","hentry","category-visao-de-tudo"],"_links":{"self":[{"href":"https:\/\/visaodealagoas.com.br\/inicio\/wp-json\/wp\/v2\/posts\/39337","targetHints":{"allow":["GET"]}}],"collection":[{"href":"https:\/\/visaodealagoas.com.br\/inicio\/wp-json\/wp\/v2\/posts"}],"about":[{"href":"https:\/\/visaodealagoas.com.br\/inicio\/wp-json\/wp\/v2\/types\/post"}],"author":[{"embeddable":true,"href":"https:\/\/visaodealagoas.com.br\/inicio\/wp-json\/wp\/v2\/users\/24"}],"replies":[{"embeddable":true,"href":"https:\/\/visaodealagoas.com.br\/inicio\/wp-json\/wp\/v2\/comments?post=39337"}],"version-history":[{"count":1,"href":"https:\/\/visaodealagoas.com.br\/inicio\/wp-json\/wp\/v2\/posts\/39337\/revisions"}],"predecessor-version":[{"id":39339,"href":"https:\/\/visaodealagoas.com.br\/inicio\/wp-json\/wp\/v2\/posts\/39337\/revisions\/39339"}],"wp:featuredmedia":[{"embeddable":true,"href":"https:\/\/visaodealagoas.com.br\/inicio\/wp-json\/wp\/v2\/media\/39338"}],"wp:attachment":[{"href":"https:\/\/visaodealagoas.com.br\/inicio\/wp-json\/wp\/v2\/media?parent=39337"}],"wp:term":[{"taxonomy":"category","embeddable":true,"href":"https:\/\/visaodealagoas.com.br\/inicio\/wp-json\/wp\/v2\/categories?post=39337"},{"taxonomy":"post_tag","embeddable":true,"href":"https:\/\/visaodealagoas.com.br\/inicio\/wp-json\/wp\/v2\/tags?post=39337"}],"curies":[{"name":"wp","href":"https:\/\/api.w.org\/{rel}","templated":true}]}}