
{"id":39333,"date":"2026-09-03T12:54:57","date_gmt":"2026-09-03T15:54:57","guid":{"rendered":"https:\/\/visaodealagoas.com.br\/inicio\/?p=39333"},"modified":"2026-09-03T12:55:20","modified_gmt":"2026-09-03T15:55:20","slug":"coluna-da-semana-3","status":"publish","type":"post","link":"https:\/\/visaodealagoas.com.br\/inicio\/coluna-da-semana-3\/","title":{"rendered":"Coluna da semana"},"content":{"rendered":"<p style=\"text-align: justify;\"><strong>S\u00e3o Jos\u00e9 da Coroa Grande<\/strong><\/p>\n<p style=\"text-align: justify;\">Localizado no litoral sul de Pernambuco e fazendo divisa com o estado de Alagoas, o munic\u00edpio de S\u00e3o Jos\u00e9 da Coroa Grande come\u00e7a a receber investimentos em im\u00f3veis compactos em sua faixa litor\u00e2nea.<br \/>\nSendo assim, a sua localiza\u00e7\u00e3o chama bastante a aten\u00e7\u00e3o de quem deseja rentabilizar em investimentos realizados.<\/p>\n<p style=\"text-align: justify;\"><strong>Oportunidade de grandes neg\u00f3cios<\/strong><\/p>\n<p style=\"text-align: justify;\">Dos dias 15 a 18 de setembro no Centro de Conven\u00e7\u00f5es de Olinda no estado de Pernambuco, ser\u00e1 realizada a 14 edi\u00e7\u00e3o da Feira Internacional de Materiais, Equipamentos e Servi\u00e7os da Constru\u00e7\u00e3o ( FICONS), em que diversos fornecedores e representantes se reunir\u00e3o para apresentar seus produtos \u00e0 pujante Ind\u00fastria da Constru\u00e7\u00e3o do Nordeste.<\/p>\n<p style=\"text-align: justify;\"><strong>Novidade em Macei\u00f3<\/strong><\/p>\n<p style=\"text-align: justify;\">A construtora sergipana Stanza est\u00e1 chegando em Macei\u00f3, com produto voltado para quem ganha, a partir de R$ 8 mil e vai construir um empreendimento em uma das regi\u00f5es que vem mais se valorizando nos \u00faltimos anos, o bairro do Barro Duro e est\u00e1 a tr\u00eas minutos do principal shopping da capital alagoana- Parque Shopping.<\/p>\n<p style=\"text-align: justify;\"><strong>Rota do Mar<\/strong><\/p>\n<p style=\"text-align: justify;\">A Rocha Empreendimentos, lan\u00e7ou empreendimento na Serraria pr\u00f3ximo a segunda etapa da Rota do Mar. O investimento no local \u00e9 a partir de R$ 380 mil.<\/p>\n<p>&nbsp;<\/p>\n<p><em><strong>\u00c9der Patriota<\/strong><\/em><\/p>\n","protected":false},"excerpt":{"rendered":"<p>S\u00e3o Jos\u00e9 da Coroa Grande Localizado no litoral sul de Pernambuco e fazendo divisa com o estado de Alagoas, o munic\u00edpio de S\u00e3o Jos\u00e9 da Coroa Grande come\u00e7a a receber investimentos em im\u00f3veis compactos em sua faixa litor\u00e2nea. Sendo assim, a sua localiza\u00e7\u00e3o chama bastante a aten\u00e7\u00e3o de quem deseja rentabilizar em investimentos realizados. Oportunidade &#8230;<\/p>\n","protected":false},"author":6,"featured_media":39334,"comment_status":"closed","ping_status":"open","sticky":false,"template":"","format":"standard","meta":{"footnotes":""},"categories":[171],"tags":[],"class_list":["post-39333","post","type-post","status-publish","format-standard","has-post-thumbnail","hentry","category-visao-imobiliaria"],"_links":{"self":[{"href":"https:\/\/visaodealagoas.com.br\/inicio\/wp-json\/wp\/v2\/posts\/39333","targetHints":{"allow":["GET"]}}],"collection":[{"href":"https:\/\/visaodealagoas.com.br\/inicio\/wp-json\/wp\/v2\/posts"}],"about":[{"href":"https:\/\/visaodealagoas.com.br\/inicio\/wp-json\/wp\/v2\/types\/post"}],"author":[{"embeddable":true,"href":"https:\/\/visaodealagoas.com.br\/inicio\/wp-json\/wp\/v2\/users\/6"}],"replies":[{"embeddable":true,"href":"https:\/\/visaodealagoas.com.br\/inicio\/wp-json\/wp\/v2\/comments?post=39333"}],"version-history":[{"count":2,"href":"https:\/\/visaodealagoas.com.br\/inicio\/wp-json\/wp\/v2\/posts\/39333\/revisions"}],"predecessor-version":[{"id":39336,"href":"https:\/\/visaodealagoas.com.br\/inicio\/wp-json\/wp\/v2\/posts\/39333\/revisions\/39336"}],"wp:featuredmedia":[{"embeddable":true,"href":"https:\/\/visaodealagoas.com.br\/inicio\/wp-json\/wp\/v2\/media\/39334"}],"wp:attachment":[{"href":"https:\/\/visaodealagoas.com.br\/inicio\/wp-json\/wp\/v2\/media?parent=39333"}],"wp:term":[{"taxonomy":"category","embeddable":true,"href":"https:\/\/visaodealagoas.com.br\/inicio\/wp-json\/wp\/v2\/categories?post=39333"},{"taxonomy":"post_tag","embeddable":true,"href":"https:\/\/visaodealagoas.com.br\/inicio\/wp-json\/wp\/v2\/tags?post=39333"}],"curies":[{"name":"wp","href":"https:\/\/api.w.org\/{rel}","templated":true}]}}