
{"id":39313,"date":"2026-09-02T16:52:17","date_gmt":"2026-09-02T19:52:17","guid":{"rendered":"https:\/\/visaodealagoas.com.br\/inicio\/?p=39313"},"modified":"2026-09-02T16:52:17","modified_gmt":"2026-09-02T19:52:17","slug":"prouni-candidatos-ja-podem-consultar-selecionados-em-lista-de-espera-estudante-tem-ate-14-de-setembro-para-entregar-documentacao","status":"publish","type":"post","link":"https:\/\/visaodealagoas.com.br\/inicio\/prouni-candidatos-ja-podem-consultar-selecionados-em-lista-de-espera-estudante-tem-ate-14-de-setembro-para-entregar-documentacao\/","title":{"rendered":"Prouni: candidatos j\u00e1 podem consultar selecionados em lista de espera  Estudante t\u00eam at\u00e9 14 de setembro para entregar documenta\u00e7\u00e3o"},"content":{"rendered":"<p><strong>Os participantes do processo seletivo do Programa Universidade para Todos (Prouni) para o segundo semestre de 2026 j\u00e1 podem consultar o resultado da lista de espera. Para saber se foi selecionado, o estudante que manifestou interesse nesta fase do programa deve acessar o\u00a0<a href=\"https:\/\/acessounico.mec.gov.br\/prouni\" target=\"_blank\" rel=\"noopener\">site do Prouni<\/a>, por meio da conta\u00a0Gov.br.\u00a0<\/strong>\u00a0<img decoding=\"async\" src=\"https:\/\/agenciabrasil.ebc.com.br\/ebc.png?id=1701375&amp;o=node\" \/><img decoding=\"async\" src=\"https:\/\/agenciabrasil.ebc.com.br\/ebc.gif?id=1701375&amp;o=node\" \/><\/p>\n<p>A lista de espera \u00e9 a \u00faltima etapa no preenchimento das vagas n\u00e3o ocupadas ao longo da primeira e da segunda chamadas do programa. Os selecionados t\u00eam at\u00e9 14 de setembro para entregar a documenta\u00e7\u00e3o comprobat\u00f3ria junto \u00e0s institui\u00e7\u00f5es de ensino superior.<\/p>\n<p><strong>A comprova\u00e7\u00e3o dos dados deve ser realizada\u00a0diretamente na institui\u00e7\u00e3o privada para a qual o estudante foi pr\u00e9-selecionado.<\/strong>\u00a0Cada faculdade define o formato de recebimento dos documentos, que pode ser presencial ou por meio de plataforma online.<\/p>\n<h2>Confira a lista de documentos necess\u00e1rios:<\/h2>\n<ul>\n<li>Comprovante de resid\u00eancia atualizado;<\/li>\n<li>Comprovantes de rendimento bruto mensal de todos os integrantes do grupo familiar;<\/li>\n<li>Comprovante de conclus\u00e3o do ensino m\u00e9dio em escola da rede p\u00fablica ou em institui\u00e7\u00e3o privada, conforme declarado na inscri\u00e7\u00e3o.<\/li>\n<\/ul>\n<h2>Sobre o ProUni<\/h2>\n<p>Criado em 2005, o programa oferece bolsas de estudo, parciais e integrais, a estudantes de baixa renda que tenham conclu\u00eddo o ensino m\u00e9dio preferencialmente em institui\u00e7\u00f5es\u00a0p\u00fablicas, ou em col\u00e9gios privados na condi\u00e7\u00e3o de bolsista.<\/p>\n<p>Os processos seletivos ocorrem duas vezes ao ano, com oportunidades para ingresso no primeiro e no segundo semestre letivos.<\/p>\n<p><strong>A classifica\u00e7\u00e3o para a sele\u00e7\u00e3o das bolsas do Prouni considera as notas obtidas pelos candidatos\u00a0no Exame Nacional do Ensino M\u00e9dio (Enem).<\/strong><\/p>\n<p>Fonte: Ag\u00eancia Brasil<\/p>\n","protected":false},"excerpt":{"rendered":"<p>Os participantes do processo seletivo do Programa Universidade para Todos (Prouni) para o segundo semestre de 2026 j\u00e1 podem consultar o resultado da lista de espera. Para saber se foi selecionado, o estudante que manifestou interesse nesta fase do programa deve acessar o\u00a0site do Prouni, por meio da conta\u00a0Gov.br.\u00a0\u00a0 A lista de espera \u00e9 a &#8230;<\/p>\n","protected":false},"author":4,"featured_media":39314,"comment_status":"closed","ping_status":"open","sticky":false,"template":"","format":"standard","meta":{"footnotes":""},"categories":[41],"tags":[],"class_list":["post-39313","post","type-post","status-publish","format-standard","has-post-thumbnail","hentry","category-politica"],"_links":{"self":[{"href":"https:\/\/visaodealagoas.com.br\/inicio\/wp-json\/wp\/v2\/posts\/39313","targetHints":{"allow":["GET"]}}],"collection":[{"href":"https:\/\/visaodealagoas.com.br\/inicio\/wp-json\/wp\/v2\/posts"}],"about":[{"href":"https:\/\/visaodealagoas.com.br\/inicio\/wp-json\/wp\/v2\/types\/post"}],"author":[{"embeddable":true,"href":"https:\/\/visaodealagoas.com.br\/inicio\/wp-json\/wp\/v2\/users\/4"}],"replies":[{"embeddable":true,"href":"https:\/\/visaodealagoas.com.br\/inicio\/wp-json\/wp\/v2\/comments?post=39313"}],"version-history":[{"count":1,"href":"https:\/\/visaodealagoas.com.br\/inicio\/wp-json\/wp\/v2\/posts\/39313\/revisions"}],"predecessor-version":[{"id":39315,"href":"https:\/\/visaodealagoas.com.br\/inicio\/wp-json\/wp\/v2\/posts\/39313\/revisions\/39315"}],"wp:featuredmedia":[{"embeddable":true,"href":"https:\/\/visaodealagoas.com.br\/inicio\/wp-json\/wp\/v2\/media\/39314"}],"wp:attachment":[{"href":"https:\/\/visaodealagoas.com.br\/inicio\/wp-json\/wp\/v2\/media?parent=39313"}],"wp:term":[{"taxonomy":"category","embeddable":true,"href":"https:\/\/visaodealagoas.com.br\/inicio\/wp-json\/wp\/v2\/categories?post=39313"},{"taxonomy":"post_tag","embeddable":true,"href":"https:\/\/visaodealagoas.com.br\/inicio\/wp-json\/wp\/v2\/tags?post=39313"}],"curies":[{"name":"wp","href":"https:\/\/api.w.org\/{rel}","templated":true}]}}