
{"id":39310,"date":"2026-09-02T16:49:22","date_gmt":"2026-09-02T19:49:22","guid":{"rendered":"https:\/\/visaodealagoas.com.br\/inicio\/?p=39310"},"modified":"2026-09-02T16:49:22","modified_gmt":"2026-09-02T19:49:22","slug":"premio-caminhos-de-literatura-tem-inscricoes-abertas-ate-dia-15-autor-premiado-tera-obra-publicada-no-brasil-em-portugal-e-em-angola","status":"publish","type":"post","link":"https:\/\/visaodealagoas.com.br\/inicio\/premio-caminhos-de-literatura-tem-inscricoes-abertas-ate-dia-15-autor-premiado-tera-obra-publicada-no-brasil-em-portugal-e-em-angola\/","title":{"rendered":"Pr\u00eamio Caminhos de Literatura tem inscri\u00e7\u00f5es abertas at\u00e9 dia 15 Autor premiado ter\u00e1 obra publicada no Brasil, em Portugal e em Angola"},"content":{"rendered":"<p><strong>A terceira edi\u00e7\u00e3o do Pr\u00eamio Caminhos de Literatura est\u00e1 com inscri\u00e7\u00f5es abertas at\u00e9 o dia 15 de setembro. O objetivo do evento \u00e9 revelar um novo nome da fic\u00e7\u00e3o brasileira contempor\u00e2nea.\u00a0<\/strong><img decoding=\"async\" src=\"https:\/\/agenciabrasil.ebc.com.br\/ebc.png?id=1701274&amp;o=node\" \/><img decoding=\"async\" src=\"https:\/\/agenciabrasil.ebc.com.br\/ebc.gif?id=1701274&amp;o=node\" \/><\/p>\n<p><strong>O autor premiado ter\u00e1 sua obra publicada no Brasil, em Portugal e em Angola,\u00a0<\/strong>como forma de ampliar a circula\u00e7\u00e3o da literatura brasileira para pa\u00edses de l\u00edngua portuguesa. As inscri\u00e7\u00f5es s\u00e3o gratuitas.<\/p>\n<p>Voltado a escritores de todo o Brasil, o pr\u00eamio &#8211; promovido pelo Instituto Caminhos da Palavra, com apoio da Estante Virtual &#8211;<strong>\u00a0\u00e9 destinado exclusivamente a autores que estejam escrevendo seu primeiro romance.<\/strong><\/p>\n<p><strong>&gt;&gt;\u00a0<a href=\"https:\/\/www.premiocaminhos.com.br\/\">As inscri\u00e7\u00f5es podem ser feitas no site do evento<\/a><\/strong><\/p>\n<p>A cerim\u00f4nia de premia\u00e7\u00e3o ser\u00e1 no dia 9 de dezembro, no teatro Teatro YouTube, na capital paulista. O vencedor ter\u00e1 o romance publicado pela Dublinense, editora parceira do pr\u00eamio desde sua primeira edi\u00e7\u00e3o.<\/p>\n<p>A novidade deste ano \u00e9 a amplia\u00e7\u00e3o da circula\u00e7\u00e3o internacional, com a publica\u00e7\u00e3o da obra em Portugal, pelo Grupo Infinito Particular, no ano que vem. O grupo editorial portugu\u00eas j\u00e1 edita no pa\u00eds as escritoras Carla Madeira, Socorro Acioli e Aline Bei.<\/p>\n<p>A obra vencedora ser\u00e1 lan\u00e7ada ainda em Angola pela Editora Kacimbo, criada pelo escritor angolano Ondjaki. A publica\u00e7\u00e3o na Kacimbo j\u00e1 representa, desde a segunda edi\u00e7\u00e3o do pr\u00eamio, uma das dimens\u00f5es internacionais do projeto.<\/p>\n<p>Segundo a organiza\u00e7\u00e3o do pr\u00eamio, ao estabelecer uma trajet\u00f3ria editorial que conecta Brasil, Angola e Portugal, o projeto passa a atuar tamb\u00e9m como uma plataforma de circula\u00e7\u00e3o da literatura brasileira contempor\u00e2nea entre diferentes territ\u00f3rios do universo lus\u00f3fono.<\/p>\n<p>\u201cA chegada do Pr\u00eamio Caminhos a Portugal \u00e9 um grande salto para o projeto. Sabemos como \u00e9 dif\u00edcil para uma pessoa iniciante ter o seu livro publicado por uma editora que d\u00ea um tratamento profissional e distribua a obra\u201d, disse o escritor e produtor cultural Henrique Rodrigues, idealizador do Instituto Caminhos da Palavra.<\/p>\n<p>Ele ressalta que o concurso foi criado para estimular a chegada de novas vozes \u00e0 literatura brasileira.<\/p>\n<blockquote><p>\u201cA sele\u00e7\u00e3o \u00e9 protegida por anonimato, a fim de que seja revelado um romance pela sua qualidade\u201d, acrescentou Rodrigues, que tamb\u00e9m oferecer\u00e1 uma mentoria liter\u00e1ria a quem vencer o Pr\u00eamio.<\/p><\/blockquote>\n<h2>Vencedores<\/h2>\n<p>A primeira edi\u00e7\u00e3o teve como vencedora Izabella Cristo, autora paraense radicada em S\u00e3o Paulo, com o romance\u00a0<em>M\u00e3ezinha<\/em>. A obra permite o questionamento do que seria uma maternidade ideal. E, ao destacar o vocativo \u201cm\u00e3ezinha\u201d, pretensamente afetuoso, traz a reflex\u00e3o sobre a infantiliza\u00e7\u00e3o e a redu\u00e7\u00e3o dessa mulher no contexto da sua maternidade.<\/p>\n<blockquote><p>\u201cO pr\u00eamio foi, literalmente, uma abertura de caminhos na minha profiss\u00e3o. Se antes eu era uma escritora ainda desconhecida e \u00e0 margem da vida liter\u00e1ria, depois dele passei a ser reconhecida no meio\u201d, diz Izabella Cristo.<\/p><\/blockquote>\n<p>Com o livro publicado, ela conta que conseguiu alcan\u00e7ar leitores e passou experi\u00eancias valiosas enquanto autora. \u201cHoje, n\u00e3o sou apenas uma m\u00e9dica que escreve. Sou uma m\u00e9dica escritora. Tenho um lugar.\u201d, acrescentou.<\/p>\n<p>Na segunda edi\u00e7\u00e3o, o pr\u00eamio revelou a escritora mineira Paula Novais, autora de\u00a0<em>Gaiolas de concreto armado<\/em>. O romance aborda a quest\u00e3o das perdas e do luto, com ambienta\u00e7\u00e3o na pandemia. \u201cO pr\u00eamio tem um lugar determinante na minha trajet\u00f3ria como escritora\u201d, disse Paula Novais.<\/p>\n<blockquote><p>\u201cA credibilidade do curador Henrique Rodrigues e da comiss\u00e3o julgadora permitiu que meu livro chegasse aos leitores e \u00e0 imprensa, contando com uma importante chancela de qualidade liter\u00e1ria\u201d, mencionou.<\/p>\n<p>Fonte: Ag\u00eancia Brasil<\/p><\/blockquote>\n","protected":false},"excerpt":{"rendered":"<p>A terceira edi\u00e7\u00e3o do Pr\u00eamio Caminhos de Literatura est\u00e1 com inscri\u00e7\u00f5es abertas at\u00e9 o dia 15 de setembro. O objetivo do evento \u00e9 revelar um novo nome da fic\u00e7\u00e3o brasileira contempor\u00e2nea.\u00a0 O autor premiado ter\u00e1 sua obra publicada no Brasil, em Portugal e em Angola,\u00a0como forma de ampliar a circula\u00e7\u00e3o da literatura brasileira para pa\u00edses &#8230;<\/p>\n","protected":false},"author":4,"featured_media":39311,"comment_status":"closed","ping_status":"open","sticky":false,"template":"","format":"standard","meta":{"footnotes":""},"categories":[45],"tags":[],"class_list":["post-39310","post","type-post","status-publish","format-standard","has-post-thumbnail","hentry","category-cultura"],"_links":{"self":[{"href":"https:\/\/visaodealagoas.com.br\/inicio\/wp-json\/wp\/v2\/posts\/39310","targetHints":{"allow":["GET"]}}],"collection":[{"href":"https:\/\/visaodealagoas.com.br\/inicio\/wp-json\/wp\/v2\/posts"}],"about":[{"href":"https:\/\/visaodealagoas.com.br\/inicio\/wp-json\/wp\/v2\/types\/post"}],"author":[{"embeddable":true,"href":"https:\/\/visaodealagoas.com.br\/inicio\/wp-json\/wp\/v2\/users\/4"}],"replies":[{"embeddable":true,"href":"https:\/\/visaodealagoas.com.br\/inicio\/wp-json\/wp\/v2\/comments?post=39310"}],"version-history":[{"count":1,"href":"https:\/\/visaodealagoas.com.br\/inicio\/wp-json\/wp\/v2\/posts\/39310\/revisions"}],"predecessor-version":[{"id":39312,"href":"https:\/\/visaodealagoas.com.br\/inicio\/wp-json\/wp\/v2\/posts\/39310\/revisions\/39312"}],"wp:featuredmedia":[{"embeddable":true,"href":"https:\/\/visaodealagoas.com.br\/inicio\/wp-json\/wp\/v2\/media\/39311"}],"wp:attachment":[{"href":"https:\/\/visaodealagoas.com.br\/inicio\/wp-json\/wp\/v2\/media?parent=39310"}],"wp:term":[{"taxonomy":"category","embeddable":true,"href":"https:\/\/visaodealagoas.com.br\/inicio\/wp-json\/wp\/v2\/categories?post=39310"},{"taxonomy":"post_tag","embeddable":true,"href":"https:\/\/visaodealagoas.com.br\/inicio\/wp-json\/wp\/v2\/tags?post=39310"}],"curies":[{"name":"wp","href":"https:\/\/api.w.org\/{rel}","templated":true}]}}