
{"id":39307,"date":"2026-09-02T16:43:58","date_gmt":"2026-09-02T19:43:58","guid":{"rendered":"https:\/\/visaodealagoas.com.br\/inicio\/?p=39307"},"modified":"2026-09-02T16:43:58","modified_gmt":"2026-09-02T19:43:58","slug":"cicero-cavalcante-tem-aval-do-mp-eleitoral-apos-decisao-da-justica-federal-ao-suspender-a-decisao-do-tcu-e-recomenda-a-candidatura","status":"publish","type":"post","link":"https:\/\/visaodealagoas.com.br\/inicio\/cicero-cavalcante-tem-aval-do-mp-eleitoral-apos-decisao-da-justica-federal-ao-suspender-a-decisao-do-tcu-e-recomenda-a-candidatura\/","title":{"rendered":"C\u00edcero Cavalcante tem aval do MP Eleitoral, ap\u00f3s decis\u00e3o da Justi\u00e7a Federal ao suspender a decis\u00e3o do TCU e recomenda a candidatura"},"content":{"rendered":"<div class=\"xdj266r x14z9mp xat24cr x1lziwak x1vvkbs x126k92a\">\n<div dir=\"auto\">Quem queria ver o indeferimento da candidatura de C\u00edcero Cavalcante para deputado estadual, caiu do cavalo, \u00e9 que a Justi\u00e7a Eleitoral suspendeu a decis\u00e3o do TCU e com isso, o Minist\u00e9rio P\u00fablico Eleitoral recomenda a candidatura de C\u00edcero Cavalcante.<\/div>\n<\/div>\n<div class=\"x14z9mp xat24cr x1lziwak x1vvkbs xtlvy1s x126k92a\">\n<div dir=\"auto\">Um grande alento para a \u201cNa\u00e7\u00e3o Amarela\u201d, que comemora a decis\u00e3o do Minist\u00e9rio P\u00fablico Eleitoral de Alagoas que se manifestou favor\u00e1vel a candidatura de C\u00edcero Cavalcante para deputado estadual nas elei\u00e7\u00f5es de 2026.<\/div>\n<div dir=\"auto\">O parecer foi assinado pelo Procurador Regional Eleitoral Marcial Duarte Co\u00ealho que defende a improced\u00eancia da a\u00e7\u00e3o de impugna\u00e7\u00e3o e da impugna\u00e7\u00e3o anunciada de inelegibilidade.<\/div>\n<div dir=\"auto\">O MP se manifestou e essa cita\u00e7\u00e3o da Justi\u00e7a Federal que suspenderam os efeitos do ac\u00f3rd\u00e3os do Tribunal de Contas da Uni\u00e3o (TCU) relacionados da contas de C\u00edcero Cavalcante quando ele foi prefeito de S\u00e3o Lu\u00eds do Quitunde.<\/div>\n<div dir=\"auto\">As decis\u00f5es foram apresentadas pelo candidato C\u00edcero Cavalcante em sua defesa e foram encaminhadas \u00e0 Procuradoria Regional Eleitoral para uma an\u00e1lise conclusiva sobre a registro da candidatura e o MP Eleitoral atesta que as liminares est\u00e3o valendo e que produzem efeitos sobre o ac\u00f3rd\u00e3os do TCU, por isso o MP que enquanto essas decis\u00f5es estiverem em vigor n\u00e3o h\u00e1 condi\u00e7\u00f5es de sustentar a fundamenta de inelegibilidade apresentada contra a candidatura de C\u00edcero Cavalcante.<\/div>\n<\/div>\n<div class=\"x14z9mp xat24cr x1lziwak x1vvkbs xtlvy1s x126k92a\">\n<div dir=\"auto\"><span class=\"html-span xdj266r x14z9mp xat24cr x1lziwak xexx8yu xyri2b x18d9i69 x1c1uobl x1hl2dhg x16tdsg8 x1vvkbs\"><a class=\"x1i10hfl xjbqb8w x1ejq31n x18oe1m7 x1sy0etr xstzfhl x972fbf x10w94by x1qhh985 x14e42zd x9f619 x1ypdohk xt0psk2 x3ct3a4 xdj266r x14z9mp xat24cr x1lziwak xexx8yu xyri2b x18d9i69 x1c1uobl x16tdsg8 x1hl2dhg xggy1nq x1a2a7pz xkrqix3 x1sur9pj x1fey0fg x1s688f\" tabindex=\"0\" role=\"link\" href=\"https:\/\/l.facebook.com\/l.php?u=http%3A%2F%2Fwww.visaodealagoas.com.br%2F%3Ffbclid%3DIwcGRvZgVleHRuA2FlbQIxMABicmlkETFNWXR4dHpPUFR2OTdVWXZtc3J0YwZhcHBfaWQQMjIyMDM5MTc4ODIwMDg5MgABHoF94fGSxGV1d3IKZnet60Cm_kxs_h3eIZMPgXzd9eI-KufGzYS_sPf8zXa8_aem_OFQdDFRxMOE26m6BdYNniw&amp;h=AUC28hfdMoBsL9Jh_C5xDhKXVKxgF26zRLpopf7Xi2GWvV6_juLOW5YvMx71f4U51oozCBFc6auzwcUN0Ltp-P0A-XLaB-8CO_knm-oVIxGbNCp3I-n0kQfhBCm765Kp3LQLfB865AYEA_pXr5rQAV8XRCFOc8ii&amp;__tn__=-UK-R&amp;c[0]=AUDVnyvxzZWuzg4Sqx0kO_nxfR53RPK8ic4XGqrtDXJSi-6FT_-a6DuaIcZYQw7Zg7b0x38S9snbVUXz1kt64Q_h5Jes85es7ExtGtmSnb0fCQYxwhNJvniWLf-pFzgkv1evwtfV7eGzhaTD8tgKgil6hLHzhuK6kjSa_cgLCsuHBCUUdIPTPe4IxfAnRvY3mvaezOWxDdW2R1kpRYciXzkFgw\" target=\"_blank\" rel=\"nofollow noopener noreferrer\">www.visaodealagoas.com.br<\/a><\/span><\/div>\n<\/div>\n","protected":false},"excerpt":{"rendered":"<p>Quem queria ver o indeferimento da candidatura de C\u00edcero Cavalcante para deputado estadual, caiu do cavalo, \u00e9 que a Justi\u00e7a Eleitoral suspendeu a decis\u00e3o do TCU e com isso, o Minist\u00e9rio P\u00fablico Eleitoral recomenda a candidatura de C\u00edcero Cavalcante. Um grande alento para a \u201cNa\u00e7\u00e3o Amarela\u201d, que comemora a decis\u00e3o do Minist\u00e9rio P\u00fablico Eleitoral de &#8230;<\/p>\n","protected":false},"author":4,"featured_media":39308,"comment_status":"closed","ping_status":"open","sticky":false,"template":"","format":"standard","meta":{"footnotes":""},"categories":[41],"tags":[],"class_list":["post-39307","post","type-post","status-publish","format-standard","has-post-thumbnail","hentry","category-politica"],"_links":{"self":[{"href":"https:\/\/visaodealagoas.com.br\/inicio\/wp-json\/wp\/v2\/posts\/39307","targetHints":{"allow":["GET"]}}],"collection":[{"href":"https:\/\/visaodealagoas.com.br\/inicio\/wp-json\/wp\/v2\/posts"}],"about":[{"href":"https:\/\/visaodealagoas.com.br\/inicio\/wp-json\/wp\/v2\/types\/post"}],"author":[{"embeddable":true,"href":"https:\/\/visaodealagoas.com.br\/inicio\/wp-json\/wp\/v2\/users\/4"}],"replies":[{"embeddable":true,"href":"https:\/\/visaodealagoas.com.br\/inicio\/wp-json\/wp\/v2\/comments?post=39307"}],"version-history":[{"count":1,"href":"https:\/\/visaodealagoas.com.br\/inicio\/wp-json\/wp\/v2\/posts\/39307\/revisions"}],"predecessor-version":[{"id":39309,"href":"https:\/\/visaodealagoas.com.br\/inicio\/wp-json\/wp\/v2\/posts\/39307\/revisions\/39309"}],"wp:featuredmedia":[{"embeddable":true,"href":"https:\/\/visaodealagoas.com.br\/inicio\/wp-json\/wp\/v2\/media\/39308"}],"wp:attachment":[{"href":"https:\/\/visaodealagoas.com.br\/inicio\/wp-json\/wp\/v2\/media?parent=39307"}],"wp:term":[{"taxonomy":"category","embeddable":true,"href":"https:\/\/visaodealagoas.com.br\/inicio\/wp-json\/wp\/v2\/categories?post=39307"},{"taxonomy":"post_tag","embeddable":true,"href":"https:\/\/visaodealagoas.com.br\/inicio\/wp-json\/wp\/v2\/tags?post=39307"}],"curies":[{"name":"wp","href":"https:\/\/api.w.org\/{rel}","templated":true}]}}