
{"id":39300,"date":"2026-09-02T16:21:45","date_gmt":"2026-09-02T19:21:45","guid":{"rendered":"https:\/\/visaodealagoas.com.br\/inicio\/?p=39300"},"modified":"2026-09-02T16:21:45","modified_gmt":"2026-09-02T19:21:45","slug":"seminario-da-saude-abordara-cuidados-com-criancas-e-adolescentes-neurodivergentes","status":"publish","type":"post","link":"https:\/\/visaodealagoas.com.br\/inicio\/seminario-da-saude-abordara-cuidados-com-criancas-e-adolescentes-neurodivergentes\/","title":{"rendered":"Semin\u00e1rio da Sa\u00fade abordar\u00e1 cuidados com crian\u00e7as e adolescentes neurodivergentes"},"content":{"rendered":"<p><em>A a\u00e7\u00e3o tem como objetivo proporcionar troca de experi\u00eancias atrav\u00e9s do olhar de diferentes \u00e1reas de atua\u00e7\u00e3o<\/em><\/p>\n<p data-base-font=\"18\"><span data-base-font=\"18\">A Secretaria de Sa\u00fade de Macei\u00f3 (SMS), por meio do Programa de Sa\u00fade Integral da Crian\u00e7a e do Adolescente, realizar\u00e1 no dia 10 de setembro um semin\u00e1rio multidisciplinar sobre os cuidados \u00e0s crian\u00e7as e adolescentes neurodivergentes, voltado para profissionais da sa\u00fade, educa\u00e7\u00e3o, assist\u00eancia social e demais atuantes da rede de prote\u00e7\u00e3o.\u00a0<\/span><\/p>\n<p class=\"text-justify\" data-base-font=\"18\"><span data-base-font=\"18\">A capacita\u00e7\u00e3o ocorrer\u00e1 das 08h \u00e0s 16h, no Audit\u00f3rio da OAB, localizado no bairro Jacarecica, zona norte de Macei\u00f3.\u00a0<\/span><\/p>\n<p class=\"text-justify\" data-base-font=\"18\"><span data-base-font=\"18\">A a\u00e7\u00e3o tem como objetivo proporcionar um momento de atualiza\u00e7\u00e3o sobre acolhimento, manejo e troca de experi\u00eancias atrav\u00e9s do olhar de diferentes \u00e1reas de atua\u00e7\u00e3o, fortalecendo a rede de cuidado e as pr\u00e1ticas especializadas para um atendimento inclusivo e integrado.\u00a0<\/span><\/p>\n<p class=\"text-justify\" data-base-font=\"18\"><span data-base-font=\"18\">\u201cA abordagem multidisciplinar pode ser um fator essencial para proporcionar ao neurodivergente um acompanhamento mais efetivo, possibilitando aos profissionais um melhor entendimento sobre as necessidades de cada paciente\u201d, destaca Marglene Oliveira, coordenadora do Programa de Sa\u00fade Integral da Crian\u00e7a e do Adolescente.<\/span><\/p>\n<p data-base-font=\"18\"><span data-base-font=\"18\">Os profissionais interessados podem acessar o link para realizar a inscri\u00e7\u00e3o do evento:\u00a0<\/span><\/p>\n<p class=\"text-justify\" data-base-font=\"18\"><a href=\"https:\/\/eventos.sms.maceio.al.gov.br\/participante\/eventos\/detalhes\/542\" data-base-font=\"18\"><span data-base-font=\"18\"><u data-base-font=\"18\">https:\/\/eventos.sms.maceio.al.gov.br\/participante\/eventos\/detalhes\/542<\/u><\/span><\/a><\/p>\n<p data-base-font=\"18\">Fonte: Ascom SMS<\/p>\n","protected":false},"excerpt":{"rendered":"<p>A a\u00e7\u00e3o tem como objetivo proporcionar troca de experi\u00eancias atrav\u00e9s do olhar de diferentes \u00e1reas de atua\u00e7\u00e3o A Secretaria de Sa\u00fade de Macei\u00f3 (SMS), por meio do Programa de Sa\u00fade Integral da Crian\u00e7a e do Adolescente, realizar\u00e1 no dia 10 de setembro um semin\u00e1rio multidisciplinar sobre os cuidados \u00e0s crian\u00e7as e adolescentes neurodivergentes, voltado para &#8230;<\/p>\n","protected":false},"author":4,"featured_media":39301,"comment_status":"closed","ping_status":"open","sticky":false,"template":"","format":"standard","meta":{"footnotes":""},"categories":[43],"tags":[],"class_list":["post-39300","post","type-post","status-publish","format-standard","has-post-thumbnail","hentry","category-municipios"],"_links":{"self":[{"href":"https:\/\/visaodealagoas.com.br\/inicio\/wp-json\/wp\/v2\/posts\/39300","targetHints":{"allow":["GET"]}}],"collection":[{"href":"https:\/\/visaodealagoas.com.br\/inicio\/wp-json\/wp\/v2\/posts"}],"about":[{"href":"https:\/\/visaodealagoas.com.br\/inicio\/wp-json\/wp\/v2\/types\/post"}],"author":[{"embeddable":true,"href":"https:\/\/visaodealagoas.com.br\/inicio\/wp-json\/wp\/v2\/users\/4"}],"replies":[{"embeddable":true,"href":"https:\/\/visaodealagoas.com.br\/inicio\/wp-json\/wp\/v2\/comments?post=39300"}],"version-history":[{"count":1,"href":"https:\/\/visaodealagoas.com.br\/inicio\/wp-json\/wp\/v2\/posts\/39300\/revisions"}],"predecessor-version":[{"id":39302,"href":"https:\/\/visaodealagoas.com.br\/inicio\/wp-json\/wp\/v2\/posts\/39300\/revisions\/39302"}],"wp:featuredmedia":[{"embeddable":true,"href":"https:\/\/visaodealagoas.com.br\/inicio\/wp-json\/wp\/v2\/media\/39301"}],"wp:attachment":[{"href":"https:\/\/visaodealagoas.com.br\/inicio\/wp-json\/wp\/v2\/media?parent=39300"}],"wp:term":[{"taxonomy":"category","embeddable":true,"href":"https:\/\/visaodealagoas.com.br\/inicio\/wp-json\/wp\/v2\/categories?post=39300"},{"taxonomy":"post_tag","embeddable":true,"href":"https:\/\/visaodealagoas.com.br\/inicio\/wp-json\/wp\/v2\/tags?post=39300"}],"curies":[{"name":"wp","href":"https:\/\/api.w.org\/{rel}","templated":true}]}}