
{"id":39297,"date":"2026-09-02T16:17:04","date_gmt":"2026-09-02T19:17:04","guid":{"rendered":"https:\/\/visaodealagoas.com.br\/inicio\/?p=39297"},"modified":"2026-09-02T16:25:20","modified_gmt":"2026-09-02T19:25:20","slug":"abordagem-social-promove-busca-ativa-no-centro-e-oferece-acolhimento-a-pessoas-em-situacao-de-rua-em-maceio-acao-ocorreu-na-a-avenida-da-paz-em-frente-as-lojas-americanas","status":"publish","type":"post","link":"https:\/\/visaodealagoas.com.br\/inicio\/abordagem-social-promove-busca-ativa-no-centro-e-oferece-acolhimento-a-pessoas-em-situacao-de-rua-em-maceio-acao-ocorreu-na-a-avenida-da-paz-em-frente-as-lojas-americanas\/","title":{"rendered":"Abordagem Social promove busca ativa no Centro e oferece acolhimento a pessoas em situa\u00e7\u00e3o de rua em Macei\u00f3 A\u00e7\u00e3o ocorreu na a Avenida da Paz, em frente \u00e0s lojas Americanas"},"content":{"rendered":"<header class=\"news-header\" data-base-font=\"14\">\n<figure data-base-font=\"14\"><figcaption data-base-font=\"14\">Equipe da Abordagem Social oferece acolhimento em abrigo.\u00a0<\/figcaption><\/figure>\n<\/header>\n<section class=\"news-content --content block-internal\" data-base-font=\"14\">\n<p data-base-font=\"18\"><span data-base-font=\"18\">O Servi\u00e7o Especializado em Abordagem Social (Seas) da Secretaria de Desenvolvimento Social de Macei\u00f3 (Semdes) promoveu mais uma a\u00e7\u00e3o de busca ativa nesta ter\u00e7a-feira (1\u00ba), na Avenida da Paz, em frente \u00e0s lojas Americanas, oferecendo os servi\u00e7os de Assist\u00eancia Social, e \u00a0acolhimento em abrigos da capital para as pessoas em situa\u00e7\u00e3o de rua encontradas no local.<\/span><\/p>\n<p data-base-font=\"18\"><span data-base-font=\"18\">Semanalmente, as equipes de Abordagem Social visitam a regi\u00e3o para oferecer atendimento imediato e acolhimento, visando construir um processo para a sa\u00edda das ruas, por meio da rede de servi\u00e7os socioassistenciais e das demais pol\u00edticas p\u00fablicas setoriais do munic\u00edpio de Macei\u00f3.<\/span><\/p>\n<p data-base-font=\"18\"><span data-base-font=\"18\">A t\u00e9cnica de refer\u00eancia da Abordagem Social, Janete Pituba, acompanhou a equipe na manh\u00e3 desta ter\u00e7a-feira. \u201cOfertamos acolhimento institucional, mas n\u00e3o aceitaram. Recebemos demanda para retirada de documenta\u00e7\u00e3o civil, e vamos atender. Eles frequentam o Centro Pop e fazem as refei\u00e7\u00f5es l\u00e1, todos os dias. Como eles\u00a0<\/span>tamb\u00e9m\u00a0<span data-base-font=\"18\">t\u00eam \u00e0 disposi\u00e7\u00e3o os servi\u00e7os da rede socioassistencial ofertados pela unidade. No local, tamb\u00e9m tem espa\u00e7o para guarda de pertences, de higiene pessoal, e alimenta\u00e7\u00e3o\u201d, explicou a assistente social.<\/span><\/p>\n<p data-base-font=\"18\"><span data-base-font=\"18\">O trabalho do Seas \u00e9 feito em todas as \u00e1reas da capital, mas os servi\u00e7os da Assist\u00eancia Social s\u00e3o diversas vezes rejeitados por uma parte da popula\u00e7\u00e3o em situa\u00e7\u00e3o de rua. Para o atendimento deste p\u00fablico, o munic\u00edpio de Macei\u00f3 mant\u00e9m abrigos em bairros da parte baixa e tamb\u00e9m da parte alta da cidade.<\/span><\/p>\n<p data-base-font=\"18\"><span data-base-font=\"18\">As pessoas em situa\u00e7\u00e3o de rua tamb\u00e9m s\u00e3o assistidas pelos Centros Pop, localizados no Centro, Prado e Benedito Bentes, que embora n\u00e3o ofere\u00e7am abrigo, as unidades promovem\u00a0<\/span>atendimentos individuais e coletivos, oficinas e atividades de conv\u00edvio e socializa\u00e7\u00e3o, al\u00e9m de a\u00e7\u00f5es que incentivem o protagonismo e a participa\u00e7\u00e3o social das pessoas em situa\u00e7\u00e3o de rua.<\/p>\n<p data-base-font=\"18\">Os espa\u00e7os tamb\u00e9m funcionam como ponto de apoio para pessoas que moram e\/ou sobrevivem nas ruas. Deve promover o acesso a espa\u00e7os de guarda de pertences, de higiene pessoal, de alimenta\u00e7\u00e3o e provis\u00e3o de documenta\u00e7\u00e3o.<\/p>\n<p data-base-font=\"18\"><span data-base-font=\"18\">\u00a0<strong data-base-font=\"18\">Seas<\/strong><\/span><\/p>\n<p data-base-font=\"18\"><span data-base-font=\"18\">O Servi\u00e7o Especializado em Abordagem Social \u00e9 formado por equipes de educadores sociais que identificam fam\u00edlias e indiv\u00edduos em situa\u00e7\u00e3o de risco pessoal e social em espa\u00e7os p\u00fablicos, em situa\u00e7\u00e3o de rua, trabalho infantil, explora\u00e7\u00e3o sexual de crian\u00e7as e adolescentes, uso abusivo de crack e outras drogas.<\/span><\/p>\n<p data-base-font=\"18\"><span data-base-font=\"18\">O Seas possui equipes que funcionam nos Centros de Refer\u00eancia Especializado para a Popula\u00e7\u00e3o em Situa\u00e7\u00e3o de Rua (Centro Pops) de segunda a sexta, das 8h \u00e0s 16h. Os plant\u00f5es do Seas s\u00e3o de segunda a segunda, das 17h \u00e0s 22h.<\/span><\/p>\n<p data-base-font=\"18\"><span data-base-font=\"18\">Os canais de comunica\u00e7\u00e3o est\u00e3o ativos e qualquer cidad\u00e3o pode entrar em contato com o servi\u00e7o por mensagem de texto no aplicativo pelo do n\u00famero\u00a0<strong data-base-font=\"18\">(82) 9 8882-8085<\/strong>\u00a0para tirar d\u00favidas, receber orienta\u00e7\u00f5es e fazer den\u00fancias de viola\u00e7\u00e3o de direitos de pessoas em situa\u00e7\u00e3o de rua e vulnerabilidade social, e ainda pelo e-mail\u00a0<a href=\"mailto:seasmaceio@gmail.com\" data-base-font=\"18\">seasmaceio@gmail.com<\/a>.<\/span><\/p>\n<p data-base-font=\"18\">Fonte: Ascom Semdes<\/p>\n<\/section>\n","protected":false},"excerpt":{"rendered":"<p>Equipe da Abordagem Social oferece acolhimento em abrigo.\u00a0 O Servi\u00e7o Especializado em Abordagem Social (Seas) da Secretaria de Desenvolvimento Social de Macei\u00f3 (Semdes) promoveu mais uma a\u00e7\u00e3o de busca ativa nesta ter\u00e7a-feira (1\u00ba), na Avenida da Paz, em frente \u00e0s lojas Americanas, oferecendo os servi\u00e7os de Assist\u00eancia Social, e \u00a0acolhimento em abrigos da capital para &#8230;<\/p>\n","protected":false},"author":4,"featured_media":39303,"comment_status":"closed","ping_status":"open","sticky":false,"template":"","format":"standard","meta":{"footnotes":""},"categories":[43],"tags":[],"class_list":["post-39297","post","type-post","status-publish","format-standard","has-post-thumbnail","hentry","category-municipios"],"_links":{"self":[{"href":"https:\/\/visaodealagoas.com.br\/inicio\/wp-json\/wp\/v2\/posts\/39297","targetHints":{"allow":["GET"]}}],"collection":[{"href":"https:\/\/visaodealagoas.com.br\/inicio\/wp-json\/wp\/v2\/posts"}],"about":[{"href":"https:\/\/visaodealagoas.com.br\/inicio\/wp-json\/wp\/v2\/types\/post"}],"author":[{"embeddable":true,"href":"https:\/\/visaodealagoas.com.br\/inicio\/wp-json\/wp\/v2\/users\/4"}],"replies":[{"embeddable":true,"href":"https:\/\/visaodealagoas.com.br\/inicio\/wp-json\/wp\/v2\/comments?post=39297"}],"version-history":[{"count":1,"href":"https:\/\/visaodealagoas.com.br\/inicio\/wp-json\/wp\/v2\/posts\/39297\/revisions"}],"predecessor-version":[{"id":39299,"href":"https:\/\/visaodealagoas.com.br\/inicio\/wp-json\/wp\/v2\/posts\/39297\/revisions\/39299"}],"wp:featuredmedia":[{"embeddable":true,"href":"https:\/\/visaodealagoas.com.br\/inicio\/wp-json\/wp\/v2\/media\/39303"}],"wp:attachment":[{"href":"https:\/\/visaodealagoas.com.br\/inicio\/wp-json\/wp\/v2\/media?parent=39297"}],"wp:term":[{"taxonomy":"category","embeddable":true,"href":"https:\/\/visaodealagoas.com.br\/inicio\/wp-json\/wp\/v2\/categories?post=39297"},{"taxonomy":"post_tag","embeddable":true,"href":"https:\/\/visaodealagoas.com.br\/inicio\/wp-json\/wp\/v2\/tags?post=39297"}],"curies":[{"name":"wp","href":"https:\/\/api.w.org\/{rel}","templated":true}]}}