
{"id":39293,"date":"2026-09-02T16:08:19","date_gmt":"2026-09-02T19:08:19","guid":{"rendered":"https:\/\/visaodealagoas.com.br\/inicio\/?p=39293"},"modified":"2026-09-02T16:08:19","modified_gmt":"2026-09-02T19:08:19","slug":"estudantes-aprendem-como-funciona-o-monitoramento-da-defesa-civil-de-maceio","status":"publish","type":"post","link":"https:\/\/visaodealagoas.com.br\/inicio\/estudantes-aprendem-como-funciona-o-monitoramento-da-defesa-civil-de-maceio\/","title":{"rendered":"Estudantes aprendem como funciona o monitoramento da Defesa Civil de Macei\u00f3"},"content":{"rendered":"<p><em>Encontro com alunos da Universidade Estadual de Ci\u00eancias da Sa\u00fade (Uncial) mostrou como tecnologia, preven\u00e7\u00e3o e acompanhamento das condi\u00e7\u00f5es do tempo ajudam a reduzir riscos na capital alagoana<\/em><\/p>\n<header class=\"news-header\" data-base-font=\"14\">\n<figure data-base-font=\"14\"><figcaption data-base-font=\"14\">Encontro aconteceu nesta ter\u00e7a-feira (1) e reuniu alunos de diversos cursos da Universidade. Foto: Defesa Civil Macei\u00f3<\/figcaption><\/figure>\n<\/header>\n<section class=\"news-content --content block-internal\" data-base-font=\"14\">\n<p data-base-font=\"18\"><span data-base-font=\"18\">A atua\u00e7\u00e3o da Defesa Civil de Macei\u00f3 diante dos impactos provocados pelas mudan\u00e7as clim\u00e1ticas foi tema de um encontro com estudantes da Universidade Estadual de Ci\u00eancias da Sa\u00fade (Uncial), realizado na tarde desta ter\u00e7a-feira (1\u00b0). A conversa apresentou aos alunos como funciona o trabalho de monitoramento realizado pelo \u00f3rg\u00e3o e de que forma as informa\u00e7\u00f5es meteorol\u00f3gicas e os dados coletados contribuem para a preven\u00e7\u00e3o e a redu\u00e7\u00e3o de riscos na capital alagoana.<\/span><\/p>\n<p data-base-font=\"18\"><span data-base-font=\"18\">A palestra foi conduzida pelo coordenador-geral da Defesa Civil de Macei\u00f3, Abelardo Nobre, que explicou aos estudantes as principais etapas que envolvem o acompanhamento das condi\u00e7\u00f5es clim\u00e1ticas e dos poss\u00edveis cen\u00e1rios de risco na cidade.<\/span><\/p>\n<p data-base-font=\"18\"><span data-base-font=\"18\">Durante o encontro, foram abordados aspectos relacionados \u00e0 preven\u00e7\u00e3o, ao monitoramento meteorol\u00f3gico e \u00e0 import\u00e2ncia da atua\u00e7\u00e3o antecipada. Em um cen\u00e1rio de mudan\u00e7as clim\u00e1ticas, eventos como chuvas intensas, alagamentos, deslizamentos e outros fen\u00f4menos extremos podem representar desafios cada vez maiores para as cidades, tornando o monitoramento uma ferramenta essencial para a prote\u00e7\u00e3o da popula\u00e7\u00e3o.<\/span><\/p>\n<p data-base-font=\"18\"><span data-base-font=\"18\">Segundo o coordenador-geral, o trabalho da Defesa Civil\u00a0 de Macei\u00f3 n\u00e3o se limita \u00e0 resposta ap\u00f3s a ocorr\u00eancia de um desastre. A atua\u00e7\u00e3o come\u00e7a antes, com a identifica\u00e7\u00e3o de situa\u00e7\u00f5es que possam representar risco.<\/span><\/p>\n<p data-base-font=\"18\"><span data-base-font=\"18\">A integra\u00e7\u00e3o entre tecnologia, informa\u00e7\u00e3o e trabalho de campo permite que a Defesa Civil Municipal tenha uma vis\u00e3o mais ampla dos poss\u00edveis cen\u00e1rios e possa orientar a\u00e7\u00f5es preventivas. O monitoramento tamb\u00e9m contribui para a tomada de decis\u00f5es em momentos de maior instabilidade clim\u00e1tica, especialmente durante per\u00edodos de chuvas intensas.<\/span><\/p>\n<p data-base-font=\"18\"><span data-base-font=\"18\">O encontro tamb\u00e9m serviu para aproximar os estudantes da rotina de um \u00f3rg\u00e3o que atua diretamente na gest\u00e3o de riscos e desastres.<\/span><\/p>\n<p data-base-font=\"18\">Fonte: Ascom Defesa Civil Macei\u00f3<\/p>\n<\/section>\n","protected":false},"excerpt":{"rendered":"<p>Encontro com alunos da Universidade Estadual de Ci\u00eancias da Sa\u00fade (Uncial) mostrou como tecnologia, preven\u00e7\u00e3o e acompanhamento das condi\u00e7\u00f5es do tempo ajudam a reduzir riscos na capital alagoana Encontro aconteceu nesta ter\u00e7a-feira (1) e reuniu alunos de diversos cursos da Universidade. Foto: Defesa Civil Macei\u00f3 A atua\u00e7\u00e3o da Defesa Civil de Macei\u00f3 diante dos impactos &#8230;<\/p>\n","protected":false},"author":4,"featured_media":39294,"comment_status":"closed","ping_status":"open","sticky":false,"template":"","format":"standard","meta":{"footnotes":""},"categories":[43],"tags":[],"class_list":["post-39293","post","type-post","status-publish","format-standard","has-post-thumbnail","hentry","category-municipios"],"_links":{"self":[{"href":"https:\/\/visaodealagoas.com.br\/inicio\/wp-json\/wp\/v2\/posts\/39293","targetHints":{"allow":["GET"]}}],"collection":[{"href":"https:\/\/visaodealagoas.com.br\/inicio\/wp-json\/wp\/v2\/posts"}],"about":[{"href":"https:\/\/visaodealagoas.com.br\/inicio\/wp-json\/wp\/v2\/types\/post"}],"author":[{"embeddable":true,"href":"https:\/\/visaodealagoas.com.br\/inicio\/wp-json\/wp\/v2\/users\/4"}],"replies":[{"embeddable":true,"href":"https:\/\/visaodealagoas.com.br\/inicio\/wp-json\/wp\/v2\/comments?post=39293"}],"version-history":[{"count":1,"href":"https:\/\/visaodealagoas.com.br\/inicio\/wp-json\/wp\/v2\/posts\/39293\/revisions"}],"predecessor-version":[{"id":39295,"href":"https:\/\/visaodealagoas.com.br\/inicio\/wp-json\/wp\/v2\/posts\/39293\/revisions\/39295"}],"wp:featuredmedia":[{"embeddable":true,"href":"https:\/\/visaodealagoas.com.br\/inicio\/wp-json\/wp\/v2\/media\/39294"}],"wp:attachment":[{"href":"https:\/\/visaodealagoas.com.br\/inicio\/wp-json\/wp\/v2\/media?parent=39293"}],"wp:term":[{"taxonomy":"category","embeddable":true,"href":"https:\/\/visaodealagoas.com.br\/inicio\/wp-json\/wp\/v2\/categories?post=39293"},{"taxonomy":"post_tag","embeddable":true,"href":"https:\/\/visaodealagoas.com.br\/inicio\/wp-json\/wp\/v2\/tags?post=39293"}],"curies":[{"name":"wp","href":"https:\/\/api.w.org\/{rel}","templated":true}]}}