
{"id":39288,"date":"2026-09-02T16:02:54","date_gmt":"2026-09-02T19:02:54","guid":{"rendered":"https:\/\/visaodealagoas.com.br\/inicio\/?p=39288"},"modified":"2026-09-02T16:05:26","modified_gmt":"2026-09-02T19:05:26","slug":"campanha-setembro-amarelo-intensifica-acoes-de-prevencao-ao-suicidio-em-maceio","status":"publish","type":"post","link":"https:\/\/visaodealagoas.com.br\/inicio\/campanha-setembro-amarelo-intensifica-acoes-de-prevencao-ao-suicidio-em-maceio\/","title":{"rendered":"Campanha Setembro Amarelo intensifica a\u00e7\u00f5es de preven\u00e7\u00e3o ao suic\u00eddio em Macei\u00f3"},"content":{"rendered":"<p><em>Durante todo este m\u00eas, a Rede de Aten\u00e7\u00e3o Psicossocial da Secretaria Municipal de Sa\u00fade ampliar\u00e1 as discuss\u00f5es sobre o tema com usu\u00e1rios, comunidade escolar e popula\u00e7\u00e3o em geral<\/em><\/p>\n<header class=\"news-header\" data-base-font=\"14\">\n<figure data-base-font=\"14\"><figcaption data-base-font=\"14\">Este ano, a campanha do Setembro Amarelo traz o tema \u201cEscutar \u00e9 estar presente\u201d, destacando a import\u00e2ncia da escuta acolhedora, atenta e sem julgamentos como gesto de cuidado.<\/figcaption><\/figure>\n<\/header>\n<section class=\"news-content --content block-internal\" data-base-font=\"14\">\n<p data-base-font=\"18\"><span data-base-font=\"18\">Buscando intensificar os debates em torno da conscientiza\u00e7\u00e3o e preven\u00e7\u00e3o do suic\u00eddio, a Secretaria Municipal de Sa\u00fade de Macei\u00f3 (SMS), por meio da Coordena\u00e7\u00e3o T\u00e9cnica de Aten\u00e7\u00e3o Psicossocial, promove, durante todo este m\u00eas, a campanha Setembro Amarelo.<\/span><\/p>\n<p data-base-font=\"18\"><span data-base-font=\"18\">Este ano, a programa\u00e7\u00e3o toma como eixo orientador a campanha Setembro Amarelo 2026 do Centro de Valoriza\u00e7\u00e3o da Vida (CVV), cujo tema \u00e9 \u201cEscutar \u00e9 estar presente\u201d, destacando a import\u00e2ncia da escuta acolhedora, atenta e sem julgamentos como gesto de cuidado, apoio e aproxima\u00e7\u00e3o, e mobilizando toda a Rede de Aten\u00e7\u00e3o Psicossocial (Raps), Unidades de Sa\u00fade, Centros de Aten\u00e7\u00e3o Psicossocial (Caps) e escolas em torno do tema, reconhecendo seu papel na rede de apoio emocional.\u00a0<\/span><\/p>\n<p data-base-font=\"18\"><span data-base-font=\"18\">Em alus\u00e3o \u00e0 campanha, o Centro de Aten\u00e7\u00e3o Psicossocial Infantojuvenil (Capsi) Dr. Luiz da Rocha Cerqueira, situado no Conjunto Jos\u00e9 Ten\u00f3rio, realizar\u00e1, no per\u00edodo de 14 a 18 de setembro, uma programa\u00e7\u00e3o integrada de a\u00e7\u00f5es internas e extramuros, envolvendo crian\u00e7as e adolescentes acompanhados pelo servi\u00e7o, familiares, comunidade escolar, usu\u00e1rios da Aten\u00e7\u00e3o Prim\u00e1ria e popula\u00e7\u00e3o em geral. Entre as a\u00e7\u00f5es que ser\u00e3o realizadas est\u00e3o oficinas terap\u00eauticas, panfletagem nas ruas e palestras em escolas para estudantes.<\/span><\/p>\n<p data-base-font=\"18\"><span data-base-font=\"18\">\u201cO objetivo dessas atividades \u00e9 promover educa\u00e7\u00e3o em sa\u00fade, preven\u00e7\u00e3o, acolhimento e valoriza\u00e7\u00e3o da vida, fortalecendo a escuta qualificada, o autocuidado, os fatores de prote\u00e7\u00e3o e o conhecimento sobre a rede de apoio e os caminhos para busca de ajuda, com linguagem adequada \u00e0 inf\u00e2ncia e \u00e0 adolesc\u00eancia\u201d, destacou o coordenador do Capsi, Marcello Ara\u00fajo.<\/span><\/p>\n<p data-base-font=\"18\"><span data-base-font=\"18\">J\u00e1 no Caps AD III Novo Jardim, localizado na Cidade Universit\u00e1ria, o cronograma de a\u00e7\u00f5es prop\u00f5e uma abordagem ampliada da preven\u00e7\u00e3o, organizando as atividades do m\u00eas em quatro eixos tem\u00e1ticos: Cuidar de Quem Cuida; Cuidar no Territ\u00f3rio; Cuidar de Si e do Outro; e Cuidar em Rede. As a\u00e7\u00f5es ser\u00e3o realizadas de 1\u00ba a 30 de setembro, na pr\u00f3pria unidade, com palestras, din\u00e2micas, oficinas de pinturas e panfletagem nas proximidades do Caps.<\/span><\/p>\n<div class=\"single-section-box single-section-img single-box-left\" data-base-font=\"14\">\n<figure data-base-font=\"14\"><a href=\"https:\/\/cdnpm.dhost.cloud\/imagens\/WhatsApp-Image-2026-09-02-at-11.03.05_2026-09-02-141406_xabt.jpeg\" data-fancybox=\"images\" data-base-font=\"14\"><img decoding=\"async\" src=\"https:\/\/maceio.al.gov.br\/transform\/imagens\/_300xAUTO_crop_center-center_none\/WhatsApp-Image-2026-09-02-at-11.03.05_2026-09-02-141406_xabt.jpeg\" alt=\"Setembro Amarelo, m\u00eas de conscientiza\u00e7\u00e3o e preven\u00e7\u00e3o do suic\u00eddio. Foto: Divulga\u00e7\u00e3o\/SMS\" data-base-font=\"14\" \/><\/a><figcaption data-base-font=\"16\"><small class=\"img-credits\" data-base-font=\"14\">Setembro Amarelo, m\u00eas de conscientiza\u00e7\u00e3o e preven\u00e7\u00e3o do suic\u00eddio. Foto: Divulga\u00e7\u00e3o\/SMS<\/small><\/figcaption><\/figure>\n<\/div>\n<p data-base-font=\"18\"><span data-base-font=\"18\">\u201cCompreende-se o suic\u00eddio como um grave problema de sa\u00fade p\u00fablica, cuja ocorr\u00eancia est[a relacionada a m\u00faltiplos fatores e determinantes. Dessa forma, pensar em estrat\u00e9gias de preven\u00e7\u00e3o ao suic\u00eddio requer ampliar o olhar para al\u00e9m da pessoa que se encontra em sofrimento ps\u00edquico, considerando tamb\u00e9m o contexto social, familiar e comunit\u00e1rio que a envolve\u201d, afirmou a coordenadora do Caps AD III Novo Jardim, Val\u00e9ria Dias.<\/span><\/p>\n<p data-base-font=\"18\"><span data-base-font=\"18\">Os demais Caps do munic\u00edpio e todas as unidades de sa\u00fade tamb\u00e9m estar\u00e3o mobilizadas na campanha Setembro Amarelo, com o intuito de levar informa\u00e7\u00e3o e acolhimento aos usu\u00e1rios do Sistema \u00danico de Sa\u00fade (SUS) por meio de palestras, rodas de conversa, oficinas e din\u00e2micas, que ter\u00e3o como foco a preven\u00e7\u00e3o do suic\u00eddio, valoriza\u00e7\u00e3o da vida e reflex\u00e3o sobre seus aspectos individuais, familiares e sociais.<\/span><\/p>\n<p data-base-font=\"18\"><span data-base-font=\"18\"><strong data-base-font=\"18\">Sobre a campanha<\/strong><\/span><\/p>\n<p data-base-font=\"18\"><span data-base-font=\"18\">Setembro Amarelo \u00e9 um movimento, uma campanha de conscientiza\u00e7\u00e3o sobre a preven\u00e7\u00e3o do suic\u00eddio. Idealizada ainda no final de 2014 por diversas entidades, entre elas o CVV (Centro de Valoriza\u00e7\u00e3o da Vida), teve sua primeira edi\u00e7\u00e3o em 2015. A cor \u201camarela\u201d \u00e9 usada mundialmente como refer\u00eancia direta ao Dia Mundial de Preven\u00e7\u00e3o do Suic\u00eddio (10 de setembro).<\/span><\/p>\n<p data-base-font=\"18\"><span data-base-font=\"18\">Em 2026, o Centro de Valoriza\u00e7\u00e3o da Vida (CVV) apresenta a campanha do Setembro Amarelo com o tema \u201c<strong data-base-font=\"18\">Escutar \u00e9 estar presente<\/strong>\u201d. O foco \u00e9 lembrar que oferecer uma escuta acolhedora pode representar o primeiro passo para que algu\u00e9m em sofrimento emocional encontre apoio e n\u00e3o enfrente esse momento sozinho.<\/span><\/p>\n<p data-base-font=\"18\">Fonte:<\/p>\n<header class=\"news-header\" data-base-font=\"14\">\n<figure data-base-font=\"14\"><figcaption data-base-font=\"14\">Este ano, a campanha do Setembro Amarelo traz o tema \u201cEscutar \u00e9 estar presente\u201d, destacando a import\u00e2ncia da escuta acolhedora, atenta e sem julgamentos como gesto de cuidado.<\/figcaption><\/figure>\n<\/header>\n<section class=\"news-content --content block-internal\" data-base-font=\"14\">\n<p data-base-font=\"18\"><span data-base-font=\"18\">Buscando intensificar os debates em torno da conscientiza\u00e7\u00e3o e preven\u00e7\u00e3o do suic\u00eddio, a Secretaria Municipal de Sa\u00fade de Macei\u00f3 (SMS), por meio da Coordena\u00e7\u00e3o T\u00e9cnica de Aten\u00e7\u00e3o Psicossocial, promove, durante todo este m\u00eas, a campanha Setembro Amarelo.<\/span><\/p>\n<p data-base-font=\"18\"><span data-base-font=\"18\">Este ano, a programa\u00e7\u00e3o toma como eixo orientador a campanha Setembro Amarelo 2026 do Centro de Valoriza\u00e7\u00e3o da Vida (CVV), cujo tema \u00e9 \u201cEscutar \u00e9 estar presente\u201d, destacando a import\u00e2ncia da escuta acolhedora, atenta e sem julgamentos como gesto de cuidado, apoio e aproxima\u00e7\u00e3o, e mobilizando toda a Rede de Aten\u00e7\u00e3o Psicossocial (Raps), Unidades de Sa\u00fade, Centros de Aten\u00e7\u00e3o Psicossocial (Caps) e escolas em torno do tema, reconhecendo seu papel na rede de apoio emocional.\u00a0<\/span><\/p>\n<p data-base-font=\"18\"><span data-base-font=\"18\">Em alus\u00e3o \u00e0 campanha, o Centro de Aten\u00e7\u00e3o Psicossocial Infantojuvenil (Capsi) Dr. Luiz da Rocha Cerqueira, situado no Conjunto Jos\u00e9 Ten\u00f3rio, realizar\u00e1, no per\u00edodo de 14 a 18 de setembro, uma programa\u00e7\u00e3o integrada de a\u00e7\u00f5es internas e extramuros, envolvendo crian\u00e7as e adolescentes acompanhados pelo servi\u00e7o, familiares, comunidade escolar, usu\u00e1rios da Aten\u00e7\u00e3o Prim\u00e1ria e popula\u00e7\u00e3o em geral. Entre as a\u00e7\u00f5es que ser\u00e3o realizadas est\u00e3o oficinas terap\u00eauticas, panfletagem nas ruas e palestras em escolas para estudantes.<\/span><\/p>\n<p data-base-font=\"18\"><span data-base-font=\"18\">\u201cO objetivo dessas atividades \u00e9 promover educa\u00e7\u00e3o em sa\u00fade, preven\u00e7\u00e3o, acolhimento e valoriza\u00e7\u00e3o da vida, fortalecendo a escuta qualificada, o autocuidado, os fatores de prote\u00e7\u00e3o e o conhecimento sobre a rede de apoio e os caminhos para busca de ajuda, com linguagem adequada \u00e0 inf\u00e2ncia e \u00e0 adolesc\u00eancia\u201d, destacou o coordenador do Capsi, Marcello Ara\u00fajo.<\/span><\/p>\n<p data-base-font=\"18\"><span data-base-font=\"18\">J\u00e1 no Caps AD III Novo Jardim, localizado na Cidade Universit\u00e1ria, o cronograma de a\u00e7\u00f5es prop\u00f5e uma abordagem ampliada da preven\u00e7\u00e3o, organizando as atividades do m\u00eas em quatro eixos tem\u00e1ticos: Cuidar de Quem Cuida; Cuidar no Territ\u00f3rio; Cuidar de Si e do Outro; e Cuidar em Rede. As a\u00e7\u00f5es ser\u00e3o realizadas de 1\u00ba a 30 de setembro, na pr\u00f3pria unidade, com palestras, din\u00e2micas, oficinas de pinturas e panfletagem nas proximidades do Caps.<\/span><\/p>\n<div class=\"single-section-box single-section-img single-box-left\" data-base-font=\"14\">\n<figure data-base-font=\"14\"><a href=\"https:\/\/cdnpm.dhost.cloud\/imagens\/WhatsApp-Image-2026-09-02-at-11.03.05_2026-09-02-141406_xabt.jpeg\" data-fancybox=\"images\" data-base-font=\"14\"><img decoding=\"async\" src=\"https:\/\/maceio.al.gov.br\/transform\/imagens\/_300xAUTO_crop_center-center_none\/WhatsApp-Image-2026-09-02-at-11.03.05_2026-09-02-141406_xabt.jpeg\" alt=\"Setembro Amarelo, m\u00eas de conscientiza\u00e7\u00e3o e preven\u00e7\u00e3o do suic\u00eddio. Foto: Divulga\u00e7\u00e3o\/SMS\" data-base-font=\"14\" \/><\/a><figcaption data-base-font=\"16\"><small class=\"img-credits\" data-base-font=\"14\">Setembro Amarelo, m\u00eas de conscientiza\u00e7\u00e3o e preven\u00e7\u00e3o do suic\u00eddio. Foto: Divulga\u00e7\u00e3o\/SMS<\/small><\/figcaption><\/figure>\n<\/div>\n<p data-base-font=\"18\"><span data-base-font=\"18\">\u201cCompreende-se o suic\u00eddio como um grave problema de sa\u00fade p\u00fablica, cuja ocorr\u00eancia est[a relacionada a m\u00faltiplos fatores e determinantes. Dessa forma, pensar em estrat\u00e9gias de preven\u00e7\u00e3o ao suic\u00eddio requer ampliar o olhar para al\u00e9m da pessoa que se encontra em sofrimento ps\u00edquico, considerando tamb\u00e9m o contexto social, familiar e comunit\u00e1rio que a envolve\u201d, afirmou a coordenadora do Caps AD III Novo Jardim, Val\u00e9ria Dias.<\/span><\/p>\n<p data-base-font=\"18\"><span data-base-font=\"18\">Os demais Caps do munic\u00edpio e todas as unidades de sa\u00fade tamb\u00e9m estar\u00e3o mobilizadas na campanha Setembro Amarelo, com o intuito de levar informa\u00e7\u00e3o e acolhimento aos usu\u00e1rios do Sistema \u00danico de Sa\u00fade (SUS) por meio de palestras, rodas de conversa, oficinas e din\u00e2micas, que ter\u00e3o como foco a preven\u00e7\u00e3o do suic\u00eddio, valoriza\u00e7\u00e3o da vida e reflex\u00e3o sobre seus aspectos individuais, familiares e sociais.<\/span><\/p>\n<p data-base-font=\"18\"><span data-base-font=\"18\"><strong data-base-font=\"18\">Sobre a campanha<\/strong><\/span><\/p>\n<p data-base-font=\"18\"><span data-base-font=\"18\">Setembro Amarelo \u00e9 um movimento, uma campanha de conscientiza\u00e7\u00e3o sobre a preven\u00e7\u00e3o do suic\u00eddio. Idealizada ainda no final de 2014 por diversas entidades, entre elas o CVV (Centro de Valoriza\u00e7\u00e3o da Vida), teve sua primeira edi\u00e7\u00e3o em 2015. A cor \u201camarela\u201d \u00e9 usada mundialmente como refer\u00eancia direta ao Dia Mundial de Preven\u00e7\u00e3o do Suic\u00eddio (10 de setembro).<\/span><\/p>\n<p data-base-font=\"18\"><span data-base-font=\"18\">Em 2026, o Centro de Valoriza\u00e7\u00e3o da Vida (CVV) apresenta a campanha do Setembro Amarelo com o tema \u201c<strong data-base-font=\"18\">Escutar \u00e9 estar presente<\/strong>\u201d. O foco \u00e9 lembrar que oferecer uma escuta acolhedora pode representar o primeiro passo para que algu\u00e9m em sofrimento emocional encontre apoio e n\u00e3o enfrente esse momento sozinho.<\/span><\/p>\n<p data-base-font=\"18\">Fonte: Ascom SMS<\/p>\n<\/section>\n<\/section>\n","protected":false},"excerpt":{"rendered":"<p>Durante todo este m\u00eas, a Rede de Aten\u00e7\u00e3o Psicossocial da Secretaria Municipal de Sa\u00fade ampliar\u00e1 as discuss\u00f5es sobre o tema com usu\u00e1rios, comunidade escolar e popula\u00e7\u00e3o em geral Este ano, a campanha do Setembro Amarelo traz o tema \u201cEscutar \u00e9 estar presente\u201d, destacando a import\u00e2ncia da escuta acolhedora, atenta e sem julgamentos como gesto de &#8230;<\/p>\n","protected":false},"author":4,"featured_media":39289,"comment_status":"closed","ping_status":"open","sticky":false,"template":"","format":"standard","meta":{"footnotes":""},"categories":[43],"tags":[],"class_list":["post-39288","post","type-post","status-publish","format-standard","has-post-thumbnail","hentry","category-municipios"],"_links":{"self":[{"href":"https:\/\/visaodealagoas.com.br\/inicio\/wp-json\/wp\/v2\/posts\/39288","targetHints":{"allow":["GET"]}}],"collection":[{"href":"https:\/\/visaodealagoas.com.br\/inicio\/wp-json\/wp\/v2\/posts"}],"about":[{"href":"https:\/\/visaodealagoas.com.br\/inicio\/wp-json\/wp\/v2\/types\/post"}],"author":[{"embeddable":true,"href":"https:\/\/visaodealagoas.com.br\/inicio\/wp-json\/wp\/v2\/users\/4"}],"replies":[{"embeddable":true,"href":"https:\/\/visaodealagoas.com.br\/inicio\/wp-json\/wp\/v2\/comments?post=39288"}],"version-history":[{"count":3,"href":"https:\/\/visaodealagoas.com.br\/inicio\/wp-json\/wp\/v2\/posts\/39288\/revisions"}],"predecessor-version":[{"id":39292,"href":"https:\/\/visaodealagoas.com.br\/inicio\/wp-json\/wp\/v2\/posts\/39288\/revisions\/39292"}],"wp:featuredmedia":[{"embeddable":true,"href":"https:\/\/visaodealagoas.com.br\/inicio\/wp-json\/wp\/v2\/media\/39289"}],"wp:attachment":[{"href":"https:\/\/visaodealagoas.com.br\/inicio\/wp-json\/wp\/v2\/media?parent=39288"}],"wp:term":[{"taxonomy":"category","embeddable":true,"href":"https:\/\/visaodealagoas.com.br\/inicio\/wp-json\/wp\/v2\/categories?post=39288"},{"taxonomy":"post_tag","embeddable":true,"href":"https:\/\/visaodealagoas.com.br\/inicio\/wp-json\/wp\/v2\/tags?post=39288"}],"curies":[{"name":"wp","href":"https:\/\/api.w.org\/{rel}","templated":true}]}}