
{"id":39285,"date":"2026-09-02T15:57:30","date_gmt":"2026-09-02T18:57:30","guid":{"rendered":"https:\/\/visaodealagoas.com.br\/inicio\/?p=39285"},"modified":"2026-09-02T15:57:30","modified_gmt":"2026-09-02T18:57:30","slug":"fotografo-da-prefeitura-de-maceio-transforma-momentos-em-imagens-que-ajudam-a-contar-a-historia-da-cidade","status":"publish","type":"post","link":"https:\/\/visaodealagoas.com.br\/inicio\/fotografo-da-prefeitura-de-maceio-transforma-momentos-em-imagens-que-ajudam-a-contar-a-historia-da-cidade\/","title":{"rendered":"Fot\u00f3grafo da Prefeitura de Macei\u00f3 transforma momentos em imagens que ajudam a contar a hist\u00f3ria da cidade"},"content":{"rendered":"<p><em>No Dia do Rep\u00f3rter Fotogr\u00e1fico, Victor Vercant compartilha hist\u00f3rias por tr\u00e1s das lentes e mostra como a fotografia ajuda a preservar a mem\u00f3ria da capital<\/em><\/p>\n<header class=\"news-header\" data-base-font=\"14\">\n<figure data-base-font=\"14\"><figcaption data-base-font=\"14\">Prefeitura de Macei\u00f3 homenageia equipe de rep\u00f3rteres fotogr\u00e1ficos que cobrem dia a dia dos servi\u00e7os p\u00fablicos prestados aos maceioeneses. Foto: Secom Macei\u00f3<\/figcaption><\/figure>\n<\/header>\n<section class=\"news-content --content block-internal\" data-base-font=\"14\">\n<p data-base-font=\"18\">Uma imagem pode durar poucos segundos diante dos olhos, mas permanecer por d\u00e9cadas na mem\u00f3ria. Em Macei\u00f3, cenas que fazem parte da rotina da cidade, grandes acontecimentos e momentos marcantes na vida dos maceioenses tamb\u00e9m ganham um registro pelas lentes de quem tem a fotografia como profiss\u00e3o.<\/p>\n<p data-base-font=\"18\">\u00c9 nesse trabalho di\u00e1rio que atua o fot\u00f3grafo Victor Vercant, integrante da equipe de comunica\u00e7\u00e3o da Prefeitura de Macei\u00f3. Entre uma cobertura e outra, ele acompanha de perto diferentes realidades da capital alagoana e transforma acontecimentos em imagens que, al\u00e9m de informar, ajudam a documentar a hist\u00f3ria da cidade.<\/p>\n<p data-base-font=\"18\">A rela\u00e7\u00e3o com a fotografia come\u00e7ou ainda na faculdade, quando Victor estava no quarto per\u00edodo. Ele j\u00e1 costumava tirar fotos com o celular e percebeu que os amigos gostavam dos registros. A partir da\u00ed, decidiu transformar o interesse em hobby, comprou uma c\u00e2mera e fez um curso. Pouco tempo depois, surgiu a primeira campanha e, meses mais tarde, ele passou a integrar a equipe da Prefeitura de Macei\u00f3.<\/p>\n<p data-base-font=\"18\">\u201cEu j\u00e1 tirava foto, mas era com celular. Os meus amigos gostavam, a\u00ed eu vi que eu tinha uma habilidade pra isso e decidi come\u00e7ar como hobby. Comprei a c\u00e2mera, fiz o curso e, pouco tempo depois, j\u00e1 tive uma campanha para fazer. Depois dessa campanha, acho que passaram-se uns tr\u00eas meses e eu entrei na Prefeitura de Macei\u00f3\u201d, conta.<\/p>\n<p data-base-font=\"18\">No trabalho desenvolvido pela Prefeitura de Macei\u00f3, Victor participa de coberturas que passam por diferentes pontos da cidade. S\u00e3o inaugura\u00e7\u00f5es, entregas, a\u00e7\u00f5es nos bairros, eventos e outros momentos que fazem parte do cotidiano dos maceioenses.<\/p>\n<p data-base-font=\"18\">A responsabilidade, segundo ele, vai al\u00e9m de registrar o que acontece. Macei\u00f3 \u00e9 uma cidade tur\u00edstica, conhecida nacionalmente, e as imagens produzidas pela equipe de comunica\u00e7\u00e3o tamb\u00e9m ajudam a apresentar a capital tanto para quem vive aqui quanto para quem est\u00e1 fora.<\/p>\n<p data-base-font=\"18\">\u201c\u00c9 uma responsabilidade muito grande, porque voc\u00ea est\u00e1 em uma cidade muito visada, que \u00e9 um dos pontos tur\u00edsticos mais visitados do Brasil. Poder tratar isso para as pessoas, tanto de dentro como de fora da cidade, \u00e9 algo muito importante. Sem falar dos outros acontecimentos, como entregas e inaugura\u00e7\u00f5es. As fotos v\u00e3o para as redes sociais, para o site e, \u00e0s vezes, at\u00e9 para outdoor, e acabam atingindo o p\u00fablico todo\u201d, explica.<\/p>\n<p data-base-font=\"18\">Mais do que acompanhar uma pauta, estar por tr\u00e1s das lentes tamb\u00e9m exige aten\u00e7\u00e3o aos detalhes. Um gesto, um olhar, uma rea\u00e7\u00e3o ou uma cena espont\u00e2nea podem transformar uma fotografia em um registro capaz de contar uma hist\u00f3ria por si s\u00f3.<\/p>\n<p data-base-font=\"18\">Victor conta que procura transmitir, atrav\u00e9s das imagens, n\u00e3o apenas o que est\u00e1 acontecendo, mas tamb\u00e9m a sensa\u00e7\u00e3o de estar naquele momento.<\/p>\n<p data-base-font=\"18\">\u201cGeralmente eu tento transmitir o m\u00e1ximo das minhas fotos do que est\u00e1 acontecendo ali, seja da grandeza do evento ou da sensa\u00e7\u00e3o de estar no evento. Felizmente, acho que eu consigo transmitir isso, seja em algum evento grande, um evento pequeno, uma entrega grande ou uma a\u00e7\u00e3o t\u00e3o grande assim. Eu consigo retratar isso e acho que \u00e9 muito importante para o fotojornalismo: voc\u00ea conseguir retratar a cena do jeito que ela est\u00e1 ali\u201d, destaca.<\/p>\n<p data-base-font=\"18\"><strong data-base-font=\"18\">Imagens que preservam a mem\u00f3ria<\/strong><\/p>\n<p data-base-font=\"18\">Com o passar dos anos, fotografias se tornam documentos de uma \u00e9poca. Em uma cidade que muda constantemente, registros feitos hoje podem ajudar, no futuro, a lembrar como eram determinados lugares, pessoas e momentos de Macei\u00f3.<\/p>\n<p data-base-font=\"18\">Ao longo da carreira, Victor tamb\u00e9m passou a perceber um desafio: fazer com que a fotografia continue sendo valorizada como forma de arte e de preserva\u00e7\u00e3o da mem\u00f3ria, especialmente em um cen\u00e1rio marcado pelo crescimento das redes sociais e pelo avan\u00e7o da intelig\u00eancia artificial.<\/p>\n<p data-base-font=\"18\">\u201cEu acho que as pessoas ainda n\u00e3o d\u00e3o tanta import\u00e2ncia para a fotografia como ela merece. Principalmente depois dessa quest\u00e3o da IA, as pessoas meio que n\u00e3o conseguem compreender o que \u00e9 uma fotografia. Acho que falta essa sensibilidade para a arte. Com o grande aumento do uso das redes sociais, eu creio que a foto perdeu, para muitas pessoas, o significado de guardar o momento\u201d, avalia.<\/p>\n<p data-base-font=\"18\">Entre tantos registros, alguns acontecimentos o tocam de maneira especial. Para Victor, as pautas que envolvem pessoas em situa\u00e7\u00f5es menos acess\u00edveis est\u00e3o entre as que mais chamam sua aten\u00e7\u00e3o. Um exemplo s\u00e3o as inaugura\u00e7\u00f5es dos Gigantinhos, quando ele acompanha a rea\u00e7\u00e3o das crian\u00e7as diante de novos espa\u00e7os.<\/p>\n<p data-base-font=\"18\">\u201cGeralmente, as pautas que me marcam s\u00e3o pautas que envolvem pessoas com uma situa\u00e7\u00e3o menos acess\u00edvel. Quando tem inaugura\u00e7\u00e3o dos Gigantinhos e tem todas aquelas criancinhas l\u00e1, principalmente nesses novos Gigantinhos bil\u00edngues, isso me toca bastante. Eu vejo que aquelas crian\u00e7as n\u00e3o tinham aquilo naquele lugar e d\u00e1 para ver na alegria delas o quanto gostam daquilo. E, para elas, \u00e9 um grande investimento no futuro\u201d, conta.<\/p>\n<p data-base-font=\"18\"><strong data-base-font=\"18\">Um olhar por tr\u00e1s das lentes<\/strong><\/p>\n<p data-base-font=\"18\">Quem aparece em uma fotografia nem sempre percebe todo o trabalho que existe antes do clique. O fot\u00f3grafo precisa acompanhar o movimento, encontrar o melhor \u00e2ngulo, observar o ambiente e, muitas vezes, esperar pelo instante certo para transformar uma cena em imagem.<\/p>\n<p data-base-font=\"18\">A rotina tamb\u00e9m proporciona experi\u00eancias inesperadas ao fot\u00f3grafo. Para Victor, ser fot\u00f3grafo permite conhecer lugares, pessoas e situa\u00e7\u00f5es que provavelmente n\u00e3o fariam parte de sua rotina de outra forma.<\/p>\n<p data-base-font=\"18\">\u201cEmo\u00e7\u00f5es no trabalho sempre t\u00eam, porque a gente que \u00e9 fot\u00f3grafo, de vez em quando faz umas coisas muito aleat\u00f3rias, seja cobrir coisas que a gente nunca cobriu na vida, que aparecem de \u00faltima hora, ou estar em lugares que a gente nunca imaginou estar. Ser fot\u00f3grafo acaba que voc\u00ea consegue conhecer mais pessoas e estar em novos lugares\u201d, relata.<\/p>\n<p data-base-font=\"18\">Para ele, esse trabalho tamb\u00e9m est\u00e1 diretamente ligado \u00e0 preserva\u00e7\u00e3o da mem\u00f3ria. A fotografia deixa de ser apenas um arquivo digital quando ganha espa\u00e7o em revistas, sites ou outros meios de comunica\u00e7\u00e3o, tornando determinado acontecimento permanente.<\/p>\n<p data-base-font=\"18\">\u201cSobre preservar mem\u00f3ria, eu acho que isso acontece muito quando a foto sai em uma revista, em algum site, em alguma mat\u00e9ria, porque acaba que eterniza o momento, eterniza aquele acontecimento. Eu acho muito importante isso\u201d, afirma.<\/p>\n<p data-base-font=\"18\">Entre os acontecimentos que considera importantes para a cidade, Victor destaca o S\u00e3o Jo\u00e3o de Macei\u00f3. Para ele, os registros produzidos durante os grandes eventos ajudam a apresentar a capital para pessoas de diferentes lugares e tamb\u00e9m contribuem para movimentar o turismo.<\/p>\n<p data-base-font=\"18\">\u201cOs eventos de S\u00e3o Jo\u00e3o s\u00e3o eventos grandes e importantes para a cidade. Por meio da fotografia, a gente consegue vender uma imagem de Macei\u00f3, e isso \u00e9 muito bom porque atrai muita gente do Brasil todo e de fora do Brasil tamb\u00e9m. Isso \u00e9 muito importante tanto para a gente como profissional quanto para a cidade que est\u00e1 recebendo essas pessoas. E isso basicamente acontece por conta das fotos, dos nossos registros\u201d, destaca.<\/p>\n<p data-base-font=\"18\"><strong data-base-font=\"18\">Gratid\u00e3o por fazer parte da hist\u00f3ria<\/strong><\/p>\n<p data-base-font=\"18\">Depois de acompanhar tantos momentos e registrar diferentes hist\u00f3rias, Victor resume em uma palavra o sentimento de poder contribuir para a documenta\u00e7\u00e3o da cidade: gratid\u00e3o.<\/p>\n<p data-base-font=\"18\">\u201cEu acho que o sentimento que resume isso \u00e9 gratid\u00e3o. Gratid\u00e3o por poder fazer parte disso, sabe? Porque a gente v\u00ea que, ao todo, \u00e9 algo muito grande, muito maior. Principalmente com rela\u00e7\u00e3o ao poder que a foto transmite. A gente v\u00ea que \u00e9 algo muito maior do que a gente. A gente est\u00e1 passando informa\u00e7\u00f5es para as pessoas. A grande maioria s\u00e3o not\u00edcias boas. A gente retrata a mudan\u00e7a das vidas das pessoas, e isso \u00e9 muito bom. Isso acaba motivando tamb\u00e9m as pessoas a participar das a\u00e7\u00f5es que t\u00eam, a estar engajando nos eventos. E acho que \u00e9 isso que define essa gratid\u00e3o por poder fazer parte disso tudo\u201d, afirma.<\/p>\n<p data-base-font=\"18\">Neste 2 de setembro, Dia do Rep\u00f3rter Fotogr\u00e1fico, a Prefeitura de Macei\u00f3 homenageia os rep\u00f3rteres fotogr\u00e1ficos que ajudam a contar essas hist\u00f3rias por meio das imagens. Por tr\u00e1s de cada fotografia, existe um olhar, uma escolha e a responsabilidade de registrar momentos que, mesmo depois de passarem, continuam vivos na mem\u00f3ria.<\/p>\n<p data-base-font=\"18\">Fonte: Secom Macei\u00f3<\/p>\n<\/section>\n","protected":false},"excerpt":{"rendered":"<p>No Dia do Rep\u00f3rter Fotogr\u00e1fico, Victor Vercant compartilha hist\u00f3rias por tr\u00e1s das lentes e mostra como a fotografia ajuda a preservar a mem\u00f3ria da capital Prefeitura de Macei\u00f3 homenageia equipe de rep\u00f3rteres fotogr\u00e1ficos que cobrem dia a dia dos servi\u00e7os p\u00fablicos prestados aos maceioeneses. Foto: Secom Macei\u00f3 Uma imagem pode durar poucos segundos diante dos &#8230;<\/p>\n","protected":false},"author":4,"featured_media":39286,"comment_status":"closed","ping_status":"open","sticky":false,"template":"","format":"standard","meta":{"footnotes":""},"categories":[77],"tags":[],"class_list":["post-39285","post","type-post","status-publish","format-standard","has-post-thumbnail","hentry","category-contidiano"],"_links":{"self":[{"href":"https:\/\/visaodealagoas.com.br\/inicio\/wp-json\/wp\/v2\/posts\/39285","targetHints":{"allow":["GET"]}}],"collection":[{"href":"https:\/\/visaodealagoas.com.br\/inicio\/wp-json\/wp\/v2\/posts"}],"about":[{"href":"https:\/\/visaodealagoas.com.br\/inicio\/wp-json\/wp\/v2\/types\/post"}],"author":[{"embeddable":true,"href":"https:\/\/visaodealagoas.com.br\/inicio\/wp-json\/wp\/v2\/users\/4"}],"replies":[{"embeddable":true,"href":"https:\/\/visaodealagoas.com.br\/inicio\/wp-json\/wp\/v2\/comments?post=39285"}],"version-history":[{"count":1,"href":"https:\/\/visaodealagoas.com.br\/inicio\/wp-json\/wp\/v2\/posts\/39285\/revisions"}],"predecessor-version":[{"id":39287,"href":"https:\/\/visaodealagoas.com.br\/inicio\/wp-json\/wp\/v2\/posts\/39285\/revisions\/39287"}],"wp:featuredmedia":[{"embeddable":true,"href":"https:\/\/visaodealagoas.com.br\/inicio\/wp-json\/wp\/v2\/media\/39286"}],"wp:attachment":[{"href":"https:\/\/visaodealagoas.com.br\/inicio\/wp-json\/wp\/v2\/media?parent=39285"}],"wp:term":[{"taxonomy":"category","embeddable":true,"href":"https:\/\/visaodealagoas.com.br\/inicio\/wp-json\/wp\/v2\/categories?post=39285"},{"taxonomy":"post_tag","embeddable":true,"href":"https:\/\/visaodealagoas.com.br\/inicio\/wp-json\/wp\/v2\/tags?post=39285"}],"curies":[{"name":"wp","href":"https:\/\/api.w.org\/{rel}","templated":true}]}}