
{"id":39214,"date":"2026-08-31T16:44:16","date_gmt":"2026-08-31T19:44:16","guid":{"rendered":"https:\/\/visaodealagoas.com.br\/inicio\/?p=39214"},"modified":"2026-08-31T16:44:16","modified_gmt":"2026-08-31T19:44:16","slug":"prefeito-rodrigo-cunha-anuncia-parque-e-arena-dos-corais-no-litoral-norte-de-maceio","status":"publish","type":"post","link":"https:\/\/visaodealagoas.com.br\/inicio\/prefeito-rodrigo-cunha-anuncia-parque-e-arena-dos-corais-no-litoral-norte-de-maceio\/","title":{"rendered":"Prefeito Rodrigo Cunha anuncia Parque e Arena dos Corais no Litoral Norte de Macei\u00f3"},"content":{"rendered":"<p><em>Previsto para Riacho Doce, complexo de 372 mil m\u00b2 reunir\u00e1 esporte, lazer, cultura e turismo, com estrutura para grandes jogos, shows e eventos nacionais e internacionais<\/em><\/p>\n<p data-base-font=\"18\">Uma arena multiuso para mais de 30 mil pessoas, integrada a um parque p\u00fablico aberto durante todo o ano, come\u00e7a a ser planejada para o Litoral Norte de Macei\u00f3. O projeto do Parque e Arena dos Corais foi apresentado nesta segunda-feira (31) pelo prefeito Rodrigo Cunha e prev\u00ea um complexo de aproximadamente 372 mil m\u00b2 em Riacho Doce, reunindo esporte, lazer, cultura, turismo e estrutura para grandes jogos, shows e eventos.<\/p>\n<p data-base-font=\"18\">Durante o lan\u00e7amento, Rodrigo Cunha destacou o crescimento de Macei\u00f3 e a necessidade de a capital acompanhar esse novo momento com investimentos em infraestrutura e que ir\u00e3o proporcionar mais qualidade de vida e lazer para a popula\u00e7\u00e3o.<\/p>\n<p data-base-font=\"18\">\u201cEsse momento \u00e9 um marco para a nossa cidade. Macei\u00f3 evoluiu, cresceu e est\u00e1 se desenvolvendo, e n\u00f3s temos a responsabilidade de acompanhar essa transforma\u00e7\u00e3o com uma infraestrutura do tamanho da cidade que temos hoje. O Parque dos Corais vai muito al\u00e9m de uma arena. Ser\u00e1 um equipamento integrado \u00e0 cidade, reunindo esporte, lazer, cultura, entretenimento e conviv\u00eancia, para que a popula\u00e7\u00e3o possa aproveitar o espa\u00e7o durante todo o ano\u201d, afirmou.<\/p>\n<div class=\"single-section-box single-section-img single-box-center\" data-base-font=\"14\">\n<figure data-base-font=\"14\"><figcaption data-base-font=\"16\"><small class=\"img-credits\" data-base-font=\"14\">Prefeito Rodrigo Cunha ressaltou o crescimento de Macei\u00f3 e a necessidade de investir em novos equipamentos que acompanhem esse crescimento.<\/small><\/figcaption><\/figure>\n<\/div>\n<p data-base-font=\"18\">O prefeito tamb\u00e9m ressaltou o impacto que o novo equipamento poder\u00e1 ter na realiza\u00e7\u00e3o de grandes eventos e na economia da capital. Durante a solenidade, o gestor tamb\u00e9m assinou o decreto que declara de interesse social a \u00e1rea destinada ao projeto.<\/p>\n<p data-base-font=\"18\">\u201cEstamos falando de um projeto que vai colocar Macei\u00f3 em outro patamar. Chegou a hora de termos um equipamento capaz de receber grandes espet\u00e1culos nacionais e, sobretudo, de oferecer ao futebol alagoano e \u00e0s nossas torcidas uma estrutura \u00e0 altura de sua grandiosidade \u2014 com todo o conforto, seguran\u00e7a e qualidade que merecemos. A proposta ser\u00e1 estruturada em parceria com a iniciativa privada, com planejamento, responsabilidade e transpar\u00eancia. Macei\u00f3 est\u00e1 preparada para dar um salto, e n\u00e3o \u00e9 um salto distante: \u00e9 um salto real e planejado\u201d, refor\u00e7ou.<\/p>\n<p data-base-font=\"18\">A estimativa \u00e9 que o empreendimento possa gerar mais de 5 mil postos de emprego durante a implanta\u00e7\u00e3o do projeto e cerca de 2 mil na opera\u00e7\u00e3o. A iniciativa prev\u00ea um investimento inicial de R$600 milh\u00f5es, fruto de participa\u00e7\u00e3o da iniciativa privada por meio de uma Parceria P\u00fablico-Privada (PPP).<\/p>\n<p data-base-font=\"18\">De acordo com os estudos realizados pela Secretaria Municipal de A\u00e7\u00f5es Estrat\u00e9gicas e Parcerias (SAEP), o Parque dos Corais poder\u00e1 receber, aproximadamente, 1,5 milh\u00e3o de pessoas por ano e gerar cerca de R$200 milh\u00f5es em movimenta\u00e7\u00e3o econ\u00f4mica induzida, al\u00e9m de um potencial de R$10 milh\u00f5es em arrecada\u00e7\u00e3o municipal.<\/p>\n<p data-base-font=\"18\"><strong data-base-font=\"18\">Estudo preliminar<\/strong><\/p>\n<p data-base-font=\"18\">Os n\u00fameros e as proje\u00e7\u00f5es apresentados durante a solenidade integram um estudo preliminar de viabilidade e ainda ser\u00e3o submetidos \u00e0 avalia\u00e7\u00e3o t\u00e9cnica para modelagem t\u00e9cnico-operacional e ambiental, econ\u00f4mico-financeiro e jur\u00eddico-regulat\u00f3rio.<\/p>\n<p data-base-font=\"18\">O planejamento tamb\u00e9m prev\u00ea estudos ambientais e de mobilidade urbana, que dever\u00e3o analisar os acessos ao complexo, o transporte coletivo, os estacionamentos, a circula\u00e7\u00e3o de ve\u00edculos e as opera\u00e7\u00f5es especiais necess\u00e1rias nos dias de grandes jogos e eventos.<\/p>\n<p data-base-font=\"18\">Ainda n\u00e3o h\u00e1 prazo definido para a conclus\u00e3o das obras. O cronograma preliminar prev\u00ea a realiza\u00e7\u00e3o do leil\u00e3o na B3 no primeiro semestre de 2027, mas as datas depender\u00e3o do andamento dos estudos, das consultas p\u00fablicas e da publica\u00e7\u00e3o do edital.<\/p>\n<p data-base-font=\"18\"><strong data-base-font=\"18\">Entenda o projeto<\/strong><\/p>\n<p data-base-font=\"18\">O Parque e Arena dos Corais prev\u00ea um parque p\u00fablico e gratuito, com jardins, pistas de caminhada e corrida, ciclovia, parque infantil inclusivo, entre outros. O complexo tamb\u00e9m contar\u00e1 com esplanada para shows e eventos, estacionamento e uma arena multiuso com campo padr\u00e3o FIFA, capacidade para mais de 30 mil pessoas em jogos e at\u00e9 40 mil em eventos, al\u00e9m de camarotes, lounges, espa\u00e7o kids, museu do futebol, audit\u00f3rio, salas de imprensa e reuni\u00f5es, coworking, academia, restaurantes e \u00e1reas para exposi\u00e7\u00f5es.<\/p>\n","protected":false},"excerpt":{"rendered":"<p>Previsto para Riacho Doce, complexo de 372 mil m\u00b2 reunir\u00e1 esporte, lazer, cultura e turismo, com estrutura para grandes jogos, shows e eventos nacionais e internacionais Uma arena multiuso para mais de 30 mil pessoas, integrada a um parque p\u00fablico aberto durante todo o ano, come\u00e7a a ser planejada para o Litoral Norte de Macei\u00f3. &#8230;<\/p>\n","protected":false},"author":4,"featured_media":39215,"comment_status":"closed","ping_status":"open","sticky":false,"template":"","format":"standard","meta":{"footnotes":""},"categories":[41],"tags":[],"class_list":["post-39214","post","type-post","status-publish","format-standard","has-post-thumbnail","hentry","category-politica"],"_links":{"self":[{"href":"https:\/\/visaodealagoas.com.br\/inicio\/wp-json\/wp\/v2\/posts\/39214","targetHints":{"allow":["GET"]}}],"collection":[{"href":"https:\/\/visaodealagoas.com.br\/inicio\/wp-json\/wp\/v2\/posts"}],"about":[{"href":"https:\/\/visaodealagoas.com.br\/inicio\/wp-json\/wp\/v2\/types\/post"}],"author":[{"embeddable":true,"href":"https:\/\/visaodealagoas.com.br\/inicio\/wp-json\/wp\/v2\/users\/4"}],"replies":[{"embeddable":true,"href":"https:\/\/visaodealagoas.com.br\/inicio\/wp-json\/wp\/v2\/comments?post=39214"}],"version-history":[{"count":1,"href":"https:\/\/visaodealagoas.com.br\/inicio\/wp-json\/wp\/v2\/posts\/39214\/revisions"}],"predecessor-version":[{"id":39216,"href":"https:\/\/visaodealagoas.com.br\/inicio\/wp-json\/wp\/v2\/posts\/39214\/revisions\/39216"}],"wp:featuredmedia":[{"embeddable":true,"href":"https:\/\/visaodealagoas.com.br\/inicio\/wp-json\/wp\/v2\/media\/39215"}],"wp:attachment":[{"href":"https:\/\/visaodealagoas.com.br\/inicio\/wp-json\/wp\/v2\/media?parent=39214"}],"wp:term":[{"taxonomy":"category","embeddable":true,"href":"https:\/\/visaodealagoas.com.br\/inicio\/wp-json\/wp\/v2\/categories?post=39214"},{"taxonomy":"post_tag","embeddable":true,"href":"https:\/\/visaodealagoas.com.br\/inicio\/wp-json\/wp\/v2\/tags?post=39214"}],"curies":[{"name":"wp","href":"https:\/\/api.w.org\/{rel}","templated":true}]}}