
{"id":39208,"date":"2026-08-31T16:36:46","date_gmt":"2026-08-31T19:36:46","guid":{"rendered":"https:\/\/visaodealagoas.com.br\/inicio\/?p=39208"},"modified":"2026-08-31T16:36:46","modified_gmt":"2026-08-31T19:36:46","slug":"sus-tera-tres-novos-medicamentos-para-cancer-de-pulmao-tratamentos-de-alto-custo-deverao-beneficiar-cerca-de-19-mil-paciente","status":"publish","type":"post","link":"https:\/\/visaodealagoas.com.br\/inicio\/sus-tera-tres-novos-medicamentos-para-cancer-de-pulmao-tratamentos-de-alto-custo-deverao-beneficiar-cerca-de-19-mil-paciente\/","title":{"rendered":"SUS ter\u00e1 tr\u00eas novos medicamentos para c\u00e2ncer de pulm\u00e3o  Tratamentos de alto custo dever\u00e3o beneficiar cerca de 1,9 mil paciente"},"content":{"rendered":"<p><strong>Tr\u00eas novos medicamentos para o tratamento de c\u00e2ncer de pulm\u00e3o ser\u00e3o disponibilizados a pacientes em tratamento no Sistema \u00danico de Sa\u00fade (SUS) a partir de outubro. S\u00e3o eles o brigatinibe, o gefitinibe e o durvalumabe.\u00a0<\/strong><img decoding=\"async\" src=\"https:\/\/agenciabrasil.ebc.com.br\/ebc.png?id=1701107&amp;o=node\" \/><img decoding=\"async\" src=\"https:\/\/agenciabrasil.ebc.com.br\/ebc.gif?id=1701107&amp;o=node\" \/><\/p>\n<p>De acordo com o Minist\u00e9rio da Sa\u00fade, cerca de 1,9 mil pacientes devem ser atendidos.\u00a0<strong>Consideradas medica\u00e7\u00f5es de alta tecnologia, os rem\u00e9dios podem custar at\u00e9 R$ 643 mil por ano na rede privada.<\/strong><\/p>\n<p>O brigatinibe e o gefitinibe s\u00e3o duas terapias-alvo orais\u00a0que atuam diretamente sobre altera\u00e7\u00f5es espec\u00edficas das c\u00e9lulas cancer\u00edgenas. Uma das vantagens \u00e9 que o rem\u00e9dio pode ser administrado na casa do paciente com menor incid\u00eancia de eventos adversos em compara\u00e7\u00e3o aos esquemas convencionais de quimioterapia.<\/p>\n<p>O terceiro medicamento, o durvalumabe, estimula a capacidade do sistema imunol\u00f3gico de combater os tumores cancer\u00edgenos. Ele \u00e9 indicado para pacientes com c\u00e2ncer de pulm\u00e3o em est\u00e1gio 3, que n\u00e3o podem ser tratadas com cirurgia.<\/p>\n<p>\u201cO\u00a0tratamento demonstra ganhos na sobrevida global dos pacientes\u201d, segundo o minist\u00e9rio.<\/p>\n<p><strong>As medica\u00e7\u00f5es ser\u00e3o financiadas integralmente pelo governo federal a partir da implementa\u00e7\u00e3o da Assist\u00eancia Farmac\u00eautica Oncol\u00f3gica (AF-Onco), criada para ampliar a oferta de tratamentos pelo SUS.<\/strong><\/p>\n<p>De acordo com o minist\u00e9rio, ser\u00e3o ofertados por meio da AF-Onco 23 medicamentos oncol\u00f3gicos de alto custo, ampliando em 35% a oferta de tratamentos na rede p\u00fablica.<\/p>\n<p><strong>A estimativa \u00e9 de que mais de 100 mil pessoas sejam contempladas pela pol\u00edtica, com or\u00e7amento anual estimado em R$ 2,1 bilh\u00f5es.<\/strong><\/p>\n<p>Fonte: Ag\u00eancia Brasil<\/p>\n","protected":false},"excerpt":{"rendered":"<p>Tr\u00eas novos medicamentos para o tratamento de c\u00e2ncer de pulm\u00e3o ser\u00e3o disponibilizados a pacientes em tratamento no Sistema \u00danico de Sa\u00fade (SUS) a partir de outubro. S\u00e3o eles o brigatinibe, o gefitinibe e o durvalumabe.\u00a0 De acordo com o Minist\u00e9rio da Sa\u00fade, cerca de 1,9 mil pacientes devem ser atendidos.\u00a0Consideradas medica\u00e7\u00f5es de alta tecnologia, os &#8230;<\/p>\n","protected":false},"author":4,"featured_media":39209,"comment_status":"closed","ping_status":"open","sticky":false,"template":"","format":"standard","meta":{"footnotes":""},"categories":[48],"tags":[],"class_list":["post-39208","post","type-post","status-publish","format-standard","has-post-thumbnail","hentry","category-brasil"],"_links":{"self":[{"href":"https:\/\/visaodealagoas.com.br\/inicio\/wp-json\/wp\/v2\/posts\/39208","targetHints":{"allow":["GET"]}}],"collection":[{"href":"https:\/\/visaodealagoas.com.br\/inicio\/wp-json\/wp\/v2\/posts"}],"about":[{"href":"https:\/\/visaodealagoas.com.br\/inicio\/wp-json\/wp\/v2\/types\/post"}],"author":[{"embeddable":true,"href":"https:\/\/visaodealagoas.com.br\/inicio\/wp-json\/wp\/v2\/users\/4"}],"replies":[{"embeddable":true,"href":"https:\/\/visaodealagoas.com.br\/inicio\/wp-json\/wp\/v2\/comments?post=39208"}],"version-history":[{"count":1,"href":"https:\/\/visaodealagoas.com.br\/inicio\/wp-json\/wp\/v2\/posts\/39208\/revisions"}],"predecessor-version":[{"id":39210,"href":"https:\/\/visaodealagoas.com.br\/inicio\/wp-json\/wp\/v2\/posts\/39208\/revisions\/39210"}],"wp:featuredmedia":[{"embeddable":true,"href":"https:\/\/visaodealagoas.com.br\/inicio\/wp-json\/wp\/v2\/media\/39209"}],"wp:attachment":[{"href":"https:\/\/visaodealagoas.com.br\/inicio\/wp-json\/wp\/v2\/media?parent=39208"}],"wp:term":[{"taxonomy":"category","embeddable":true,"href":"https:\/\/visaodealagoas.com.br\/inicio\/wp-json\/wp\/v2\/categories?post=39208"},{"taxonomy":"post_tag","embeddable":true,"href":"https:\/\/visaodealagoas.com.br\/inicio\/wp-json\/wp\/v2\/tags?post=39208"}],"curies":[{"name":"wp","href":"https:\/\/api.w.org\/{rel}","templated":true}]}}