
{"id":39196,"date":"2026-08-31T16:22:20","date_gmt":"2026-08-31T19:22:20","guid":{"rendered":"https:\/\/visaodealagoas.com.br\/inicio\/?p=39196"},"modified":"2026-08-31T16:22:20","modified_gmt":"2026-08-31T19:22:20","slug":"sexta-parcela-do-iptu-2026-vence-nesta-segunda-31-saiba-como-emitir-a-guia-o-boleto-deve-ser-emitido-pela-internet-e-pode-ser-pago-via-pix","status":"publish","type":"post","link":"https:\/\/visaodealagoas.com.br\/inicio\/sexta-parcela-do-iptu-2026-vence-nesta-segunda-31-saiba-como-emitir-a-guia-o-boleto-deve-ser-emitido-pela-internet-e-pode-ser-pago-via-pix\/","title":{"rendered":"Sexta parcela do IPTU 2026 vence nesta segunda (31); saiba como emitir a guia O boleto deve ser emitido pela internet e pode ser pago via Pix"},"content":{"rendered":"<header class=\"news-header\" data-base-font=\"14\">\n<figure data-base-font=\"14\"><figcaption data-base-font=\"14\">Imposto retorna a popula\u00e7\u00e3o em servi\u00e7os e pol\u00edticas p\u00fablicas. Foto: Junior Bertoldo \/ Secom Macei\u00f3<\/figcaption><\/figure>\n<\/header>\n<section class=\"news-content --content block-internal\" data-base-font=\"14\">\n<p data-base-font=\"18\"><span data-base-font=\"18\">Os contribuintes que optaram por quitar o Imposto Predial e Territorial Urbano (IPTU) de 2026 a prazo t\u00eam at\u00e9 hoje (31) para pagar a sexta parcela do imposto sem a incid\u00eancia de juros e multas por atraso. O boleto deve ser emitido pela internet e pode ser pago via Pix, em aplicativos banc\u00e1rios e ag\u00eancias.<\/span><\/p>\n<p data-base-font=\"18\"><span data-base-font=\"18\">A sexta parcela do IPTU est\u00e1 dispon\u00edvel no portal de servi\u00e7os da Secretaria Municipal de Fazenda (Sefaz), no\u00a0<a href=\"https:\/\/www.online.maceio.al.gov.br\/n\/iptu2025\/\" target=\"_blank\" rel=\"noopener noreferrer\" data-base-font=\"18\"><u data-base-font=\"18\">online.maceio.al.gov.br<\/u><\/a>\u00a0e pode ser gerado com o n\u00famero de inscri\u00e7\u00e3o imobili\u00e1ria. O n\u00famero de inscri\u00e7\u00e3o pode ser encontrado em carn\u00eas e boletos antigos do IPTU ou em documentos do im\u00f3vel.\u00a0<\/span><\/p>\n<p data-base-font=\"18\"><span data-base-font=\"18\">Tamb\u00e9m \u00e9 poss\u00edvel solicitar o envio da guia do IPTU pelo atendimento via WhatsApp da Sefaz Macei\u00f3, por meio do n\u00famero\u00a0<strong data-base-font=\"18\">(82) 3312-5990<\/strong>. Basta informar os dados do im\u00f3vel ou do titular.\u00a0<\/span><\/p>\n<p data-base-font=\"18\"><span data-base-font=\"18\">Caso o cidad\u00e3o opte pelo atendimento presencial, deve agendar um hor\u00e1rio nos postos da Sefaz. Para o atendimento na sede, na Rua Pedro Monteiro, 47, no Centro, o agendamento deve ser feito pelo\u00a0<a href=\"https:\/\/www.online.maceio.al.gov.br\/1\/agendamento\/\" data-base-font=\"18\"><u data-base-font=\"18\">online.maceio.al.gov.br<\/u><\/a>. Quem preferir o atendimento na Sefaz Mangabeiras (Shopping Macei\u00f3) e Sefaz Benedito Bentes (galeria em frente ao P\u00e1tio Shopping), deve agendar no\u00a0<a href=\"http:\/\/ja.al.gov.br\/login\" data-base-font=\"18\"><u data-base-font=\"18\">ja.al.gov.br\/login<\/u><\/a>.<\/span><\/p>\n<p data-base-font=\"18\"><span data-base-font=\"18\">A Secretaria Municipal de Fazenda refor\u00e7a que n\u00e3o encaminha links, SMS, mensagens ou boletos contendo guias, documentos ou c\u00f3digos de pagamento. O atendimento via WhatsApp \u00e9 realizado exclusivamente pelo n\u00famero oficial e pela conta verificada da Sefaz.<\/span><\/p>\n<p data-base-font=\"18\"><span data-base-font=\"18\">O IPTU \u00e9 um imposto anual cobrado sobre os im\u00f3veis localizados na \u00e1rea urbana. Os recursos arrecadados s\u00e3o destinados a pol\u00edticas p\u00fablicas que contribuem para o bem-estar da popula\u00e7\u00e3o, incluindo obras, reformas, revitaliza\u00e7\u00e3o de vias, a\u00e7\u00f5es de lazer, limpeza urbana, entre outras iniciativas.<\/span><\/p>\n<p data-base-font=\"18\"><span data-base-font=\"18\">Manter o IPTU em dia evita a cobran\u00e7a de juros e multas, al\u00e9m de outras consequ\u00eancias relacionadas \u00e0 inadimpl\u00eancia, como a inscri\u00e7\u00e3o do d\u00e9bito em d\u00edvida ativa e o protesto.<\/span><\/p>\n<p data-base-font=\"18\">Fonte: Ascom Sefaz<\/p>\n<\/section>\n","protected":false},"excerpt":{"rendered":"<p>Imposto retorna a popula\u00e7\u00e3o em servi\u00e7os e pol\u00edticas p\u00fablicas. Foto: Junior Bertoldo \/ Secom Macei\u00f3 Os contribuintes que optaram por quitar o Imposto Predial e Territorial Urbano (IPTU) de 2026 a prazo t\u00eam at\u00e9 hoje (31) para pagar a sexta parcela do imposto sem a incid\u00eancia de juros e multas por atraso. O boleto deve &#8230;<\/p>\n","protected":false},"author":4,"featured_media":39197,"comment_status":"closed","ping_status":"open","sticky":false,"template":"","format":"standard","meta":{"footnotes":""},"categories":[43],"tags":[],"class_list":["post-39196","post","type-post","status-publish","format-standard","has-post-thumbnail","hentry","category-municipios"],"_links":{"self":[{"href":"https:\/\/visaodealagoas.com.br\/inicio\/wp-json\/wp\/v2\/posts\/39196","targetHints":{"allow":["GET"]}}],"collection":[{"href":"https:\/\/visaodealagoas.com.br\/inicio\/wp-json\/wp\/v2\/posts"}],"about":[{"href":"https:\/\/visaodealagoas.com.br\/inicio\/wp-json\/wp\/v2\/types\/post"}],"author":[{"embeddable":true,"href":"https:\/\/visaodealagoas.com.br\/inicio\/wp-json\/wp\/v2\/users\/4"}],"replies":[{"embeddable":true,"href":"https:\/\/visaodealagoas.com.br\/inicio\/wp-json\/wp\/v2\/comments?post=39196"}],"version-history":[{"count":1,"href":"https:\/\/visaodealagoas.com.br\/inicio\/wp-json\/wp\/v2\/posts\/39196\/revisions"}],"predecessor-version":[{"id":39198,"href":"https:\/\/visaodealagoas.com.br\/inicio\/wp-json\/wp\/v2\/posts\/39196\/revisions\/39198"}],"wp:featuredmedia":[{"embeddable":true,"href":"https:\/\/visaodealagoas.com.br\/inicio\/wp-json\/wp\/v2\/media\/39197"}],"wp:attachment":[{"href":"https:\/\/visaodealagoas.com.br\/inicio\/wp-json\/wp\/v2\/media?parent=39196"}],"wp:term":[{"taxonomy":"category","embeddable":true,"href":"https:\/\/visaodealagoas.com.br\/inicio\/wp-json\/wp\/v2\/categories?post=39196"},{"taxonomy":"post_tag","embeddable":true,"href":"https:\/\/visaodealagoas.com.br\/inicio\/wp-json\/wp\/v2\/tags?post=39196"}],"curies":[{"name":"wp","href":"https:\/\/api.w.org\/{rel}","templated":true}]}}