
{"id":39192,"date":"2026-08-31T16:19:10","date_gmt":"2026-08-31T19:19:10","guid":{"rendered":"https:\/\/visaodealagoas.com.br\/inicio\/?p=39192"},"modified":"2026-08-31T16:19:28","modified_gmt":"2026-08-31T19:19:28","slug":"agosto-dourado-encerra-atividades-nas-unidades-de-saude-de-maceio","status":"publish","type":"post","link":"https:\/\/visaodealagoas.com.br\/inicio\/agosto-dourado-encerra-atividades-nas-unidades-de-saude-de-maceio\/","title":{"rendered":"Agosto Dourado encerra atividades nas Unidades de Sa\u00fade de Macei\u00f3"},"content":{"rendered":"<p><em>Campanha intensificou a import\u00e2ncia da amamenta\u00e7\u00e3o e fortaleceu o apoio \u00e0s m\u00e3es e \u00e0s fam\u00edlias durante esse per\u00edodo<\/em><\/p>\n<header class=\"news-header\" data-base-font=\"14\">\n<figure data-base-font=\"14\"><figcaption data-base-font=\"14\">Profissionais realizaram atividades educativas e de orienta\u00e7\u00e3o, levando informa\u00e7\u00f5es \u00e0s gestantes, pu\u00e9rperas, m\u00e3es e demais usu\u00e1rios sobre os benef\u00edcios do leite materno.\u00a0<\/figcaption><\/figure>\n<\/header>\n<section class=\"news-content --content block-internal\" data-base-font=\"14\">\n<p data-base-font=\"18\"><span data-base-font=\"18\">Durante todo o m\u00eas de agosto, as Unidades de Sa\u00fade de Macei\u00f3 estiveram mobilizadas em a\u00e7\u00f5es da campanha Agosto Dourado, per\u00edodo dedicado \u00e0 conscientiza\u00e7\u00e3o e ao incentivo ao aleitamento materno. A iniciativa refor\u00e7a a import\u00e2ncia da amamenta\u00e7\u00e3o para a sa\u00fade e o desenvolvimento dos beb\u00eas, al\u00e9m de fortalecer o apoio \u00e0s m\u00e3es e \u00e0s fam\u00edlias durante esse per\u00edodo.<\/span><\/p>\n<p data-base-font=\"18\"><span data-base-font=\"18\">Nas unidades da Secretaria Municipal de Sa\u00fade (SMS), profissionais promoveram atividades educativas e de orienta\u00e7\u00e3o, levando informa\u00e7\u00f5es \u00e0s gestantes, pu\u00e9rperas, m\u00e3es e demais usu\u00e1rios sobre os benef\u00edcios do leite materno e a import\u00e2ncia do acompanhamento adequado durante a amamenta\u00e7\u00e3o.<\/span><\/p>\n<p data-base-font=\"18\"><span data-base-font=\"18\">As a\u00e7\u00f5es tamb\u00e9m destacaram a necessidade de uma rede de apoio para que as mulheres possam vivenciar a amamenta\u00e7\u00e3o com mais seguran\u00e7a e acolhimento. Profissionais de sa\u00fade estiveram dispon\u00edveis para esclarecer d\u00favidas, orientar sobre a pega correta, posi\u00e7\u00f5es para amamentar e outros cuidados que podem contribuir para uma experi\u00eancia mais tranquila para m\u00e3e e beb\u00ea.<\/span><\/p>\n<p data-base-font=\"18\"><span data-base-font=\"18\">\u201cNeste m\u00eas levamos mais conhecimento e conscientiza\u00e7\u00e3o \u00e0s usu\u00e1rias de nossas unidades de sa\u00fade sobre a import\u00e2ncia e os benef\u00edcios do leite materno para a m\u00e3e e o beb\u00ea, que \u00e9 um alimento rico em nutrientes, fundamental para o pleno desenvolvimento desses beb\u00eas. Amamenta\u00e7\u00e3o \u00e9 vida, e precisamos fortalecer isso constantemente\u201d, destacou a coordenadora do Programa de Aten\u00e7\u00e3o Integral \u00e0 Sa\u00fade da Crian\u00e7a e do Adolescente, Marglene Oliveira.\u00a0<\/span><\/p>\n<p data-base-font=\"18\"><span data-base-font=\"18\">O Agosto Dourado tamb\u00e9m \u00e9 uma oportunidade para refor\u00e7ar o papel da Aten\u00e7\u00e3o Prim\u00e1ria \u00e0 Sa\u00fade na promo\u00e7\u00e3o, prote\u00e7\u00e3o e apoio ao aleitamento materno. Por meio das equipes das Unidades de Sa\u00fade, as fam\u00edlias podem receber acompanhamento desde o pr\u00e9-natal at\u00e9 o per\u00edodo ap\u00f3s o nascimento do beb\u00ea.\u00a0<\/span><\/p>\n<p data-base-font=\"18\"><span data-base-font=\"18\"><strong data-base-font=\"18\">Sobre a campanha<\/strong><\/span><\/p>\n<p data-base-font=\"18\"><span data-base-font=\"18\">O m\u00eas de agosto \u00e9 marcado pela campanha Agosto Dourado, dedicada \u00e0 conscientiza\u00e7\u00e3o sobre a import\u00e2ncia da amamenta\u00e7\u00e3o para a sa\u00fade da m\u00e3e e do beb\u00ea. Inspirada no conceito da Hora Dourada, que corresponde \u00e0 primeira hora de vida do rec\u00e9m-nascido, a iniciativa destaca a import\u00e2ncia do contato pele a pele logo ap\u00f3s o nascimento e do in\u00edcio precoce do aleitamento materno, sempre que as condi\u00e7\u00f5es cl\u00ednicas permitirem.<\/span><\/p>\n<p data-base-font=\"18\"><span data-base-font=\"18\">O leite materno \u00e9 considerado o alimento mais completo para os primeiros meses de vida. Al\u00e9m de fornecer todos os nutrientes necess\u00e1rios ao desenvolvimento do beb\u00ea, cont\u00e9m componentes que fortalecem o sistema imunol\u00f3gico, ajudam na forma\u00e7\u00e3o da microbiota intestinal e contribuem para reduzir o risco de infec\u00e7\u00f5es. Estudos tamb\u00e9m apontam benef\u00edcios para a resposta \u00e0s vacinas e para o desenvolvimento cerebral da crian\u00e7a.<\/span><\/p>\n<p data-base-font=\"18\"><span data-base-font=\"18\">A Organiza\u00e7\u00e3o Mundial da Sa\u00fade (OMS) recomenda o aleitamento materno exclusivo at\u00e9 os seis meses de idade. Ap\u00f3s esse per\u00edodo, a amamenta\u00e7\u00e3o pode ser mantida juntamente com a alimenta\u00e7\u00e3o complementar at\u00e9 os dois anos ou mais.<\/span><\/p>\n<p data-base-font=\"18\"><span data-base-font=\"18\">Embora seja um processo natural, a amamenta\u00e7\u00e3o pode exigir aprendizado tanto da m\u00e3e quanto do beb\u00ea. Dificuldades nos primeiros dias s\u00e3o comuns e, quando necess\u00e1rio, a orienta\u00e7\u00e3o de profissionais de sa\u00fade e o apoio dos Bancos de Leite Humano podem contribuir para superar desafios relacionados \u00e0 pega, \u00e0 produ\u00e7\u00e3o de leite ou a outras intercorr\u00eancias.<\/span><\/p>\n<p data-base-font=\"18\">Fonte: Ascom SMS<\/p>\n<\/section>\n","protected":false},"excerpt":{"rendered":"<p>Campanha intensificou a import\u00e2ncia da amamenta\u00e7\u00e3o e fortaleceu o apoio \u00e0s m\u00e3es e \u00e0s fam\u00edlias durante esse per\u00edodo Profissionais realizaram atividades educativas e de orienta\u00e7\u00e3o, levando informa\u00e7\u00f5es \u00e0s gestantes, pu\u00e9rperas, m\u00e3es e demais usu\u00e1rios sobre os benef\u00edcios do leite materno.\u00a0 Durante todo o m\u00eas de agosto, as Unidades de Sa\u00fade de Macei\u00f3 estiveram mobilizadas em &#8230;<\/p>\n","protected":false},"author":4,"featured_media":39193,"comment_status":"closed","ping_status":"open","sticky":false,"template":"","format":"standard","meta":{"footnotes":""},"categories":[43],"tags":[],"class_list":["post-39192","post","type-post","status-publish","format-standard","has-post-thumbnail","hentry","category-municipios"],"_links":{"self":[{"href":"https:\/\/visaodealagoas.com.br\/inicio\/wp-json\/wp\/v2\/posts\/39192","targetHints":{"allow":["GET"]}}],"collection":[{"href":"https:\/\/visaodealagoas.com.br\/inicio\/wp-json\/wp\/v2\/posts"}],"about":[{"href":"https:\/\/visaodealagoas.com.br\/inicio\/wp-json\/wp\/v2\/types\/post"}],"author":[{"embeddable":true,"href":"https:\/\/visaodealagoas.com.br\/inicio\/wp-json\/wp\/v2\/users\/4"}],"replies":[{"embeddable":true,"href":"https:\/\/visaodealagoas.com.br\/inicio\/wp-json\/wp\/v2\/comments?post=39192"}],"version-history":[{"count":2,"href":"https:\/\/visaodealagoas.com.br\/inicio\/wp-json\/wp\/v2\/posts\/39192\/revisions"}],"predecessor-version":[{"id":39195,"href":"https:\/\/visaodealagoas.com.br\/inicio\/wp-json\/wp\/v2\/posts\/39192\/revisions\/39195"}],"wp:featuredmedia":[{"embeddable":true,"href":"https:\/\/visaodealagoas.com.br\/inicio\/wp-json\/wp\/v2\/media\/39193"}],"wp:attachment":[{"href":"https:\/\/visaodealagoas.com.br\/inicio\/wp-json\/wp\/v2\/media?parent=39192"}],"wp:term":[{"taxonomy":"category","embeddable":true,"href":"https:\/\/visaodealagoas.com.br\/inicio\/wp-json\/wp\/v2\/categories?post=39192"},{"taxonomy":"post_tag","embeddable":true,"href":"https:\/\/visaodealagoas.com.br\/inicio\/wp-json\/wp\/v2\/tags?post=39192"}],"curies":[{"name":"wp","href":"https:\/\/api.w.org\/{rel}","templated":true}]}}