
{"id":39189,"date":"2026-08-31T16:16:17","date_gmt":"2026-08-31T19:16:17","guid":{"rendered":"https:\/\/visaodealagoas.com.br\/inicio\/?p=39189"},"modified":"2026-08-31T16:16:17","modified_gmt":"2026-08-31T19:16:17","slug":"maceio-esta-entre-os-cinco-destinos-mais-buscados-do-brasil-para-o-feriado-de-7-de-setembro","status":"publish","type":"post","link":"https:\/\/visaodealagoas.com.br\/inicio\/maceio-esta-entre-os-cinco-destinos-mais-buscados-do-brasil-para-o-feriado-de-7-de-setembro\/","title":{"rendered":"Macei\u00f3 est\u00e1 entre os cinco destinos mais buscados do Brasil para o feriado de 7 de Setembro"},"content":{"rendered":"<p><em>Capital alagoana ocupa a quinta posi\u00e7\u00e3o em levantamento da Booking.com e registra crescimento de 169% nas buscas<\/em><\/p>\n<p data-base-font=\"18\"><span data-base-font=\"18\">Macei\u00f3 est\u00e1 entre os cinco destinos nacionais mais buscados pelos brasileiros para o feriado prolongado da Independ\u00eancia. Levantamento divulgado pela\u00a0<a href=\"http:\/\/booking.com\/\" data-base-font=\"18\">Booking.com<\/a>\u00a0coloca a capital alagoana na quinta posi\u00e7\u00e3o do ranking nacional, com crescimento de 169% nas buscas em compara\u00e7\u00e3o com o mesmo per\u00edodo de 2025.<\/span><\/p>\n<p class=\"text-justify\" data-base-font=\"18\"><span data-base-font=\"18\">A pesquisa considera buscas por acomoda\u00e7\u00f5es para estadias entre os dias 5 e 7 de setembro de 2026. \u00c0 frente de Macei\u00f3 aparecem Rio de Janeiro, S\u00e3o Paulo, Jo\u00e3o Pessoa e Porto de Galinhas. Com o resultado, o Nordeste re\u00fane tr\u00eas dos cinco destinos mais procurados pelos viajantes brasileiros para o per\u00edodo.<\/span><\/p>\n<p class=\"text-justify\" data-base-font=\"18\"><span data-base-font=\"18\">O desempenho refor\u00e7a a presen\u00e7a de Macei\u00f3 entre os destinos de destaque no mercado tur\u00edstico nacional e evidencia o interesse crescente dos viajantes pela capital alagoana tamb\u00e9m durante os feriados prolongados.<\/span><\/p>\n<p class=\"text-justify\" data-base-font=\"18\"><span data-base-font=\"18\">Para o secret\u00e1rio municipal de Turismo, Eduardo Monteiro, o avan\u00e7o registrado em rela\u00e7\u00e3o ao ano passado \u00e9 um indicador positivo para o destino. \u201cCrescer 169% nas buscas em rela\u00e7\u00e3o ao mesmo per\u00edodo do ano passado \u00e9 um resultado bastante expressivo. Macei\u00f3 vem ampliando sua presen\u00e7a no mercado nacional e se mantendo entre as principais escolhas do viajante brasileiro. \u00c9 um movimento que fortalece toda a cadeia produtiva do turismo e mostra que o destino segue despertando cada vez mais interesse\u201d, destaca o secret\u00e1rio.<\/span><\/p>\n<p class=\"text-justify\" data-base-font=\"18\"><span data-base-font=\"18\"><strong data-base-font=\"18\">Sobre o levantamento<\/strong><\/span><\/p>\n<p class=\"text-justify\" data-base-font=\"18\"><span data-base-font=\"18\">Os dados foram divulgados pela\u00a0<a href=\"http:\/\/booking.com\/\" data-base-font=\"18\">Booking.com<\/a>\u00a0e t\u00eam como base buscas realizadas por viajantes brasileiros na plataforma entre 1\u00ba de julho e 9 de agosto de 2026, para hospedagens de 5 a 7 de setembro. Os percentuais representam a varia\u00e7\u00e3o em rela\u00e7\u00e3o ao mesmo per\u00edodo de 2025 e se referem \u00e0s buscas por acomoda\u00e7\u00f5es na plataforma.<\/span><\/p>\n<p class=\"text-justify\" data-base-font=\"18\"><span data-base-font=\"18\">O ranking nacional aparece exatamente assim:<\/span><\/p>\n<ol start=\"1\" data-base-font=\"14\">\n<li data-base-font=\"14\"><span data-base-font=\"14\"><strong data-base-font=\"14\">Rio de Janeiro (RJ)<\/strong>\u00a0\u2014 +212%<\/span><\/li>\n<li data-base-font=\"14\"><span data-base-font=\"14\"><strong data-base-font=\"14\">S\u00e3o Paulo (SP)<\/strong>\u00a0\u2014 -4%<\/span><\/li>\n<li data-base-font=\"14\"><span data-base-font=\"14\"><strong data-base-font=\"14\">Jo\u00e3o Pessoa (PB)<\/strong>\u00a0\u2014 +149%<\/span><\/li>\n<li data-base-font=\"14\"><span data-base-font=\"14\"><strong data-base-font=\"14\">Porto de Galinhas (PE)<\/strong>\u00a0\u2014 +76%<\/span><\/li>\n<li data-base-font=\"14\"><span data-base-font=\"14\"><strong data-base-font=\"14\">Macei\u00f3 (AL)<\/strong>\u00a0\u2014\u00a0<strong data-base-font=\"14\">+169<\/strong><\/span><\/li>\n<\/ol>\n<p>Fonte: Semtur<\/p>\n","protected":false},"excerpt":{"rendered":"<p>Capital alagoana ocupa a quinta posi\u00e7\u00e3o em levantamento da Booking.com e registra crescimento de 169% nas buscas Macei\u00f3 est\u00e1 entre os cinco destinos nacionais mais buscados pelos brasileiros para o feriado prolongado da Independ\u00eancia. Levantamento divulgado pela\u00a0Booking.com\u00a0coloca a capital alagoana na quinta posi\u00e7\u00e3o do ranking nacional, com crescimento de 169% nas buscas em compara\u00e7\u00e3o com &#8230;<\/p>\n","protected":false},"author":4,"featured_media":39190,"comment_status":"closed","ping_status":"open","sticky":false,"template":"","format":"standard","meta":{"footnotes":""},"categories":[54],"tags":[],"class_list":["post-39189","post","type-post","status-publish","format-standard","has-post-thumbnail","hentry","category-turismo"],"_links":{"self":[{"href":"https:\/\/visaodealagoas.com.br\/inicio\/wp-json\/wp\/v2\/posts\/39189","targetHints":{"allow":["GET"]}}],"collection":[{"href":"https:\/\/visaodealagoas.com.br\/inicio\/wp-json\/wp\/v2\/posts"}],"about":[{"href":"https:\/\/visaodealagoas.com.br\/inicio\/wp-json\/wp\/v2\/types\/post"}],"author":[{"embeddable":true,"href":"https:\/\/visaodealagoas.com.br\/inicio\/wp-json\/wp\/v2\/users\/4"}],"replies":[{"embeddable":true,"href":"https:\/\/visaodealagoas.com.br\/inicio\/wp-json\/wp\/v2\/comments?post=39189"}],"version-history":[{"count":1,"href":"https:\/\/visaodealagoas.com.br\/inicio\/wp-json\/wp\/v2\/posts\/39189\/revisions"}],"predecessor-version":[{"id":39191,"href":"https:\/\/visaodealagoas.com.br\/inicio\/wp-json\/wp\/v2\/posts\/39189\/revisions\/39191"}],"wp:featuredmedia":[{"embeddable":true,"href":"https:\/\/visaodealagoas.com.br\/inicio\/wp-json\/wp\/v2\/media\/39190"}],"wp:attachment":[{"href":"https:\/\/visaodealagoas.com.br\/inicio\/wp-json\/wp\/v2\/media?parent=39189"}],"wp:term":[{"taxonomy":"category","embeddable":true,"href":"https:\/\/visaodealagoas.com.br\/inicio\/wp-json\/wp\/v2\/categories?post=39189"},{"taxonomy":"post_tag","embeddable":true,"href":"https:\/\/visaodealagoas.com.br\/inicio\/wp-json\/wp\/v2\/tags?post=39189"}],"curies":[{"name":"wp","href":"https:\/\/api.w.org\/{rel}","templated":true}]}}