
{"id":39185,"date":"2026-08-31T16:07:51","date_gmt":"2026-08-31T19:07:51","guid":{"rendered":"https:\/\/visaodealagoas.com.br\/inicio\/?p=39185"},"modified":"2026-08-31T16:07:51","modified_gmt":"2026-08-31T19:07:51","slug":"maceio-tera-novas-opcoes-de-conectividade-aerea-durante-a-alta-temporada-2026-2027","status":"publish","type":"post","link":"https:\/\/visaodealagoas.com.br\/inicio\/maceio-tera-novas-opcoes-de-conectividade-aerea-durante-a-alta-temporada-2026-2027\/","title":{"rendered":"Macei\u00f3 ter\u00e1 novas op\u00e7\u00f5es de conectividade a\u00e9rea durante a alta temporada 2026\/ 2027"},"content":{"rendered":"<p><em>Novas opera\u00e7\u00f5es sazonais da Latam v\u00e3o ligar a capital alagoana a Goi\u00e2nia e ao Rio de Janeiro<\/em><\/p>\n<header class=\"news-header\" data-base-font=\"14\">\n<figure data-base-font=\"14\"><figcaption data-base-font=\"14\">Voos direto da Latam de Goi\u00e2nia e Rio de Janeiro para Macei\u00f3 apliam conectividade do destino.\u00a0<\/figcaption><\/figure>\n<\/header>\n<section class=\"news-content --content block-internal\" data-base-font=\"14\">\n<p data-base-font=\"18\"><span data-base-font=\"18\">Macei\u00f3 ter\u00e1 novas op\u00e7\u00f5es de conectividade a\u00e9rea durante a alta temporada 2026\/ 2027. A Latam anunciou a amplia\u00e7\u00e3o de sua malha para a capital alagoana, com novas opera\u00e7\u00f5es sazonais ligando o destino a Goi\u00e2nia (GO) e ao Rio de Janeiro (RJ), pelo Aeroporto Internacional do Gale\u00e3o.<\/span><\/p>\n<p class=\"text-justify\" data-base-font=\"18\"><span data-base-font=\"18\">Na liga\u00e7\u00e3o entre Goi\u00e2nia e Macei\u00f3, ser\u00e3o cinco frequ\u00eancias semanais durante o per\u00edodo de ver\u00e3o. As opera\u00e7\u00f5es come\u00e7am em 14 de dezembro de 2026 e seguem at\u00e9 o in\u00edcio de fevereiro de 2027.<\/span><\/p>\n<p class=\"text-justify\" data-base-font=\"18\"><span data-base-font=\"18\">A rota entre o Rio de Janeiro\/ Gale\u00e3o e Macei\u00f3 ter\u00e1 voos di\u00e1rios, tamb\u00e9m a partir de 14 de dezembro, com opera\u00e7\u00e3o prevista at\u00e9 14 de fevereiro de 2027.<\/span><\/p>\n<p class=\"text-justify\" data-base-font=\"18\"><span data-base-font=\"18\">A amplia\u00e7\u00e3o da oferta a\u00e9rea para Macei\u00f3 acontece no per\u00edodo de maior movimenta\u00e7\u00e3o tur\u00edstica do ano e fortalece a conex\u00e3o da capital alagoana com importantes mercados emissores de turistas.<\/span><\/p>\n<p class=\"text-justify\" data-base-font=\"18\">O avan\u00e7o da conectividade acompanha o trabalho desenvolvido pela Prefeitura de Macei\u00f3, sob a gest\u00e3o do prefeito Rodrigo Cunha, para fortalecer o turismo como vetor do desenvolvimento econ\u00f4mico da capital.<\/p>\n<p class=\"text-justify\" data-base-font=\"18\"><span data-base-font=\"18\">A atua\u00e7\u00e3o envolve investimentos na qualifica\u00e7\u00e3o e infraestrutura da cidade, promo\u00e7\u00e3o do destino nos mercados nacional e internacional e articula\u00e7\u00e3o com o trade tur\u00edstico e o setor a\u00e9reo, contribuindo para ampliar a competitividade e a presen\u00e7a de Macei\u00f3 entre os principais destinos brasileiros.<\/span><\/p>\n<p class=\"text-justify\" data-base-font=\"18\"><span data-base-font=\"18\">Para o secret\u00e1rio de Turismo de Macei\u00f3, Eduardo Monteiro, o incremento da malha a\u00e9rea contribui diretamente para a competitividade do destino. \u201cA amplia\u00e7\u00e3o da conectividade \u00e9 fundamental para o crescimento do turismo. Cada nova frequ\u00eancia representa mais possibilidades de acesso ao nosso destino e fortalece Macei\u00f3 em um per\u00edodo estrat\u00e9gico para toda a cadeia tur\u00edstica\u201d, destaca.<\/span><\/p>\n<p class=\"text-justify\" data-base-font=\"18\"><span data-base-font=\"18\">As novas liga\u00e7\u00f5es integram a programa\u00e7\u00e3o especial da Latam para a alta temporada de ver\u00e3o 2026\/ 2027. A companhia informou, ainda, que o restante de sua malha sazonal para o per\u00edodo ser\u00e1 colocado \u00e0 venda em 5 de setembro, com novas opera\u00e7\u00f5es previstas.<\/span><\/p>\n<p class=\"text-justify\" data-base-font=\"18\"><span data-base-font=\"18\">Segundo Aline Mafra, diretora de Vendas e Marketing da Latam Brasil, a programa\u00e7\u00e3o foi planejada para acompanhar o aumento da procura no per\u00edodo de f\u00e9rias. \u201cA alta temporada exige uma malha flex\u00edvel e conectada \u00e0s escolhas dos nossos clientes. Com essas novas rotas, ampliamos a oferta direta para dois dos destinos mais procurados do Nordeste e criamos novas alternativas a partir de Goi\u00e2nia e do Rio de Janeiro\u201d, afirma.<\/span><\/p>\n<p class=\"text-justify\" data-base-font=\"18\"><span data-base-font=\"18\"><strong data-base-font=\"18\">Confira a programa\u00e7\u00e3o dos novos voos para Macei\u00f3<\/strong><\/span><\/p>\n<table data-base-font=\"14\">\n<tbody data-base-font=\"14\">\n<tr data-base-font=\"14\">\n<td colspan=\"1\" rowspan=\"1\" data-base-font=\"14\">\n<p class=\"text-justify\" data-base-font=\"18\"><span data-base-font=\"18\"><strong data-base-font=\"18\">Rota<\/strong><\/span><\/p>\n<\/td>\n<td colspan=\"1\" rowspan=\"1\" data-base-font=\"14\">\n<p class=\"text-justify\" data-base-font=\"18\"><span data-base-font=\"18\"><strong data-base-font=\"18\">Per\u00edodo<\/strong><\/span><\/p>\n<\/td>\n<td colspan=\"1\" rowspan=\"1\" data-base-font=\"14\">\n<p class=\"text-justify\" data-base-font=\"18\"><span data-base-font=\"18\"><strong data-base-font=\"18\">Frequ\u00eancia<\/strong><\/span><\/p>\n<\/td>\n<td colspan=\"1\" rowspan=\"1\" data-base-font=\"14\">\n<p class=\"text-justify\" data-base-font=\"18\"><span data-base-font=\"18\"><strong data-base-font=\"18\">Hor\u00e1rio<\/strong><\/span><\/p>\n<\/td>\n<\/tr>\n<tr data-base-font=\"14\">\n<td colspan=\"1\" rowspan=\"1\" data-base-font=\"14\">\n<p class=\"text-justify\" data-base-font=\"18\"><span data-base-font=\"18\"><strong data-base-font=\"18\">Goi\u00e2nia \u2192 Macei\u00f3<\/strong><\/span><\/p>\n<\/td>\n<td colspan=\"1\" rowspan=\"1\" data-base-font=\"14\">\n<p class=\"text-justify\" data-base-font=\"18\"><span data-base-font=\"18\">14\/12\/2026 a 08\/02\/2027<\/span><\/p>\n<\/td>\n<td colspan=\"1\" rowspan=\"1\" data-base-font=\"14\">\n<p class=\"text-justify\" data-base-font=\"18\"><span data-base-font=\"18\">5 voos semanais<\/span><\/p>\n<\/td>\n<td colspan=\"1\" rowspan=\"1\" data-base-font=\"14\">\n<p class=\"text-justify\" data-base-font=\"18\"><span data-base-font=\"18\">23h10 \u2192 1h50 (+1)<\/span><\/p>\n<\/td>\n<\/tr>\n<tr data-base-font=\"14\">\n<td colspan=\"1\" rowspan=\"1\" data-base-font=\"14\">\n<p class=\"text-justify\" data-base-font=\"18\"><span data-base-font=\"18\"><strong data-base-font=\"18\">Macei\u00f3 \u2192 Goi\u00e2nia<\/strong><\/span><\/p>\n<\/td>\n<td colspan=\"1\" rowspan=\"1\" data-base-font=\"14\">\n<p class=\"text-justify\" data-base-font=\"18\"><span data-base-font=\"18\">15\/12\/2026 a 09\/02\/2027<\/span><\/p>\n<\/td>\n<td colspan=\"1\" rowspan=\"1\" data-base-font=\"14\">\n<p class=\"text-justify\" data-base-font=\"18\"><span data-base-font=\"18\">5 voos semanais<\/span><\/p>\n<\/td>\n<td colspan=\"1\" rowspan=\"1\" data-base-font=\"14\">\n<p class=\"text-justify\" data-base-font=\"18\"><span data-base-font=\"18\">0h50 \u2192 3h30<\/span><\/p>\n<\/td>\n<\/tr>\n<tr data-base-font=\"14\">\n<td colspan=\"1\" rowspan=\"1\" data-base-font=\"14\">\n<p class=\"text-justify\" data-base-font=\"18\"><span data-base-font=\"18\"><strong data-base-font=\"18\">Rio de Janeiro\/Gale\u00e3o \u2192 Macei\u00f3<\/strong><\/span><\/p>\n<\/td>\n<td colspan=\"1\" rowspan=\"1\" data-base-font=\"14\">\n<p class=\"text-justify\" data-base-font=\"18\"><span data-base-font=\"18\">14\/12\/2026 a 14\/02\/2027<\/span><\/p>\n<\/td>\n<td colspan=\"1\" rowspan=\"1\" data-base-font=\"14\">\n<p class=\"text-justify\" data-base-font=\"18\"><span data-base-font=\"18\">Di\u00e1rio<\/span><\/p>\n<\/td>\n<td colspan=\"1\" rowspan=\"1\" data-base-font=\"14\">\n<p class=\"text-justify\" data-base-font=\"18\"><span data-base-font=\"18\">23h45 \u2192 2h15 (+1)<\/span><\/p>\n<\/td>\n<\/tr>\n<tr data-base-font=\"14\">\n<td colspan=\"1\" rowspan=\"1\" data-base-font=\"14\">\n<p class=\"text-justify\" data-base-font=\"18\"><span data-base-font=\"18\"><strong data-base-font=\"18\">Macei\u00f3 \u2192 Rio de Janeiro\/Gale\u00e3o<\/strong><\/span><\/p>\n<\/td>\n<td colspan=\"1\" rowspan=\"1\" data-base-font=\"14\">\n<p class=\"text-justify\" data-base-font=\"18\"><span data-base-font=\"18\">14\/12\/2026 a 14\/02\/2027<\/span><\/p>\n<\/td>\n<td colspan=\"1\" rowspan=\"1\" data-base-font=\"14\">\n<p class=\"text-justify\" data-base-font=\"18\"><span data-base-font=\"18\">Di\u00e1rio<\/span><\/p>\n<\/td>\n<td colspan=\"1\" rowspan=\"1\" data-base-font=\"14\">\n<p class=\"text-justify\" data-base-font=\"18\"><span data-base-font=\"18\">23h50 \u2192 2h35<\/span><\/p>\n<\/td>\n<\/tr>\n<\/tbody>\n<\/table>\n<p class=\"text-justify\" data-base-font=\"18\">Fonte: Latam Brasil\/ Panrotas.<\/p>\n<p class=\"text-justify\" data-base-font=\"18\"><span data-base-font=\"18\">Os hor\u00e1rios divulgados correspondem \u00e0 programa\u00e7\u00e3o prevista para as novas opera\u00e7\u00f5es sazonais e est\u00e3o sujeitos a altera\u00e7\u00f5es pela companhia a\u00e9rea.\u00a0<\/span><\/p>\n<p data-base-font=\"18\">Fonte: Ascom Semtur<\/p>\n<\/section>\n","protected":false},"excerpt":{"rendered":"<p>Novas opera\u00e7\u00f5es sazonais da Latam v\u00e3o ligar a capital alagoana a Goi\u00e2nia e ao Rio de Janeiro Voos direto da Latam de Goi\u00e2nia e Rio de Janeiro para Macei\u00f3 apliam conectividade do destino.\u00a0 Macei\u00f3 ter\u00e1 novas op\u00e7\u00f5es de conectividade a\u00e9rea durante a alta temporada 2026\/ 2027. A Latam anunciou a amplia\u00e7\u00e3o de sua malha para &#8230;<\/p>\n","protected":false},"author":4,"featured_media":39186,"comment_status":"closed","ping_status":"open","sticky":false,"template":"","format":"standard","meta":{"footnotes":""},"categories":[47],"tags":[],"class_list":["post-39185","post","type-post","status-publish","format-standard","has-post-thumbnail","hentry","category-alagoas"],"_links":{"self":[{"href":"https:\/\/visaodealagoas.com.br\/inicio\/wp-json\/wp\/v2\/posts\/39185","targetHints":{"allow":["GET"]}}],"collection":[{"href":"https:\/\/visaodealagoas.com.br\/inicio\/wp-json\/wp\/v2\/posts"}],"about":[{"href":"https:\/\/visaodealagoas.com.br\/inicio\/wp-json\/wp\/v2\/types\/post"}],"author":[{"embeddable":true,"href":"https:\/\/visaodealagoas.com.br\/inicio\/wp-json\/wp\/v2\/users\/4"}],"replies":[{"embeddable":true,"href":"https:\/\/visaodealagoas.com.br\/inicio\/wp-json\/wp\/v2\/comments?post=39185"}],"version-history":[{"count":1,"href":"https:\/\/visaodealagoas.com.br\/inicio\/wp-json\/wp\/v2\/posts\/39185\/revisions"}],"predecessor-version":[{"id":39187,"href":"https:\/\/visaodealagoas.com.br\/inicio\/wp-json\/wp\/v2\/posts\/39185\/revisions\/39187"}],"wp:featuredmedia":[{"embeddable":true,"href":"https:\/\/visaodealagoas.com.br\/inicio\/wp-json\/wp\/v2\/media\/39186"}],"wp:attachment":[{"href":"https:\/\/visaodealagoas.com.br\/inicio\/wp-json\/wp\/v2\/media?parent=39185"}],"wp:term":[{"taxonomy":"category","embeddable":true,"href":"https:\/\/visaodealagoas.com.br\/inicio\/wp-json\/wp\/v2\/categories?post=39185"},{"taxonomy":"post_tag","embeddable":true,"href":"https:\/\/visaodealagoas.com.br\/inicio\/wp-json\/wp\/v2\/tags?post=39185"}],"curies":[{"name":"wp","href":"https:\/\/api.w.org\/{rel}","templated":true}]}}