
{"id":39182,"date":"2026-08-31T16:02:25","date_gmt":"2026-08-31T19:02:25","guid":{"rendered":"https:\/\/visaodealagoas.com.br\/inicio\/?p=39182"},"modified":"2026-08-31T16:02:25","modified_gmt":"2026-08-31T19:02:25","slug":"semana-da-pessoa-com-deficiencia-fortalece-educacao-inclusiva-em-maceio","status":"publish","type":"post","link":"https:\/\/visaodealagoas.com.br\/inicio\/semana-da-pessoa-com-deficiencia-fortalece-educacao-inclusiva-em-maceio\/","title":{"rendered":"Semana da Pessoa com Defici\u00eancia fortalece educa\u00e7\u00e3o inclusiva em Macei\u00f3"},"content":{"rendered":"<p><em>Evento refor\u00e7a import\u00e2ncia de conhecer cada estudante e preparar a escola para acolher as diferen\u00e7as<\/em><\/p>\n<header class=\"news-header\" data-base-font=\"14\">\n<figure data-base-font=\"14\"><figcaption data-base-font=\"14\">niciativa re\u00fane profissionais de unidades p\u00fablicas de ensino da rede municipal. Foto: Caio Barbosa\/ Ascom Semed<\/figcaption><\/figure>\n<\/header>\n<section class=\"news-content --content block-internal\" data-base-font=\"14\">\n<p data-base-font=\"18\">Profissionais de unidades p\u00fablicas de ensino do munic\u00edpio de Macei\u00f3 participaram, nesta segunda-feira (31), na Uninassau, da palestra \u201cPNEEI: caminhos para fortalecer a Educa\u00e7\u00e3o Especial na perspectiva da Educa\u00e7\u00e3o Inclusiva\u201d, mediada pela professora Chrystiane Toscano, da Universidade Federal de Alagoas.<\/p>\n<p data-base-font=\"18\">A iniciativa foi promovida pela Secretaria de Educa\u00e7\u00e3o de Macei\u00f3 (Semed) e integra a programa\u00e7\u00e3o da &#8220;Semana da Pessoa com Defici\u00eancia e M\u00faltipla&#8221;. A a\u00e7\u00e3o reuniu coordenadores pedag\u00f3gicos, professores da sala regular e docentes do Atendimento Educacional Especializado (AEE), em um momento de aprendizado, reflex\u00e3o e troca de experi\u00eancias sobre os desafios e as possibilidades da inclus\u00e3o no ambiente escolar.<\/p>\n<p data-base-font=\"18\">Para a coordenadora de Educa\u00e7\u00e3o Especial da Semed, Pollyana Sat\u00edrio, a Pol\u00edtica Nacional de Educa\u00e7\u00e3o Especial representa um importante marco para a constru\u00e7\u00e3o de uma escola inclusiva. Segundo ela, o principal desafio \u00e9 garantir que a escola esteja preparada para receber e atender cada crian\u00e7a e estudante em suas particularidades.<\/p>\n<p data-base-font=\"18\">Para Pollyana, o ponto de partida para garantir um atendimento educacional de qualidade \u00e9 conhecer cada estudante para al\u00e9m das dificuldades. \u201cComo fazer para trabalhar com ele e dar \u00eanfase a tudo aquilo que ele \u00e9 capaz de fazer e muito mais? Para dar o que \u00e9 necess\u00e1rio, fazemos um planejamento. E eu s\u00f3 posso fazer um planejamento e desenvolver alguma habilidade se eu souber quem \u00e9 aquela crian\u00e7a\u201d, acrescentou.<\/p>\n<p data-base-font=\"18\">Para a professora Elyva Regis, da Escola Municipal Sagrado Cora\u00e7\u00e3o de Jesus, a educa\u00e7\u00e3o inclusiva precisa ser constru\u00edda com uma comunica\u00e7\u00e3o direta entre o profissional e o aluno, aproximando diretamente os dois pilares da educa\u00e7\u00e3o.<\/p>\n<p data-base-font=\"18\">&#8220;Temos que ter mais trocas entre as professoras de sala de recursos, junto com as professoras de sala regular, para que o trabalho seja mais conciso, mais eficiente, voltado aos estudantes com defici\u00eancia, seja ela qual for&#8221;, afirmou.<\/p>\n<p data-base-font=\"18\">A coordenadora pedag\u00f3gica da Educa\u00e7\u00e3o Infantil no CMEI Maria Li\u00e9ge Tavares de Albuquerque, Marinan Pimentel, tamb\u00e9m participou da forma\u00e7\u00e3o com o objetivo de ampliar conhecimentos e contribuir com o trabalho desenvolvido pelos professores da unidade.<\/p>\n<p data-base-font=\"18\">\u201cEsse encontro veio para acrescentar nossos conhecimentos para que possamos, enquanto coordena\u00e7\u00e3o, junto com a professora do AEE, dar uma contribui\u00e7\u00e3o maior aos professores da sala regular, que na Educa\u00e7\u00e3o Infantil chamamos de sala de refer\u00eancia\u201d, disse.<\/p>\n<p data-base-font=\"18\">Segundo Marinan, promover a inclus\u00e3o exige conhecimento, planejamento e um olhar atento para a realidade de cada unidade escolar. \u201cA inclus\u00e3o \u00e9 algo muito importante para as crian\u00e7as at\u00edpicas, mas sabemos que existem desafios. Ent\u00e3o, aqui \u00e9 o momento de aprender mais, entender o que \u00e9 poss\u00edvel dentro da nossa realidade e levar esse conhecimento para contribuir com os nossos professores\u201d, ressaltou.<\/p>\n<p data-base-font=\"18\">Fonte: Ascom Semed<\/p>\n<\/section>\n","protected":false},"excerpt":{"rendered":"<p>Evento refor\u00e7a import\u00e2ncia de conhecer cada estudante e preparar a escola para acolher as diferen\u00e7as niciativa re\u00fane profissionais de unidades p\u00fablicas de ensino da rede municipal. Foto: Caio Barbosa\/ Ascom Semed Profissionais de unidades p\u00fablicas de ensino do munic\u00edpio de Macei\u00f3 participaram, nesta segunda-feira (31), na Uninassau, da palestra \u201cPNEEI: caminhos para fortalecer a Educa\u00e7\u00e3o &#8230;<\/p>\n","protected":false},"author":4,"featured_media":39183,"comment_status":"closed","ping_status":"open","sticky":false,"template":"","format":"standard","meta":{"footnotes":""},"categories":[43],"tags":[],"class_list":["post-39182","post","type-post","status-publish","format-standard","has-post-thumbnail","hentry","category-municipios"],"_links":{"self":[{"href":"https:\/\/visaodealagoas.com.br\/inicio\/wp-json\/wp\/v2\/posts\/39182","targetHints":{"allow":["GET"]}}],"collection":[{"href":"https:\/\/visaodealagoas.com.br\/inicio\/wp-json\/wp\/v2\/posts"}],"about":[{"href":"https:\/\/visaodealagoas.com.br\/inicio\/wp-json\/wp\/v2\/types\/post"}],"author":[{"embeddable":true,"href":"https:\/\/visaodealagoas.com.br\/inicio\/wp-json\/wp\/v2\/users\/4"}],"replies":[{"embeddable":true,"href":"https:\/\/visaodealagoas.com.br\/inicio\/wp-json\/wp\/v2\/comments?post=39182"}],"version-history":[{"count":1,"href":"https:\/\/visaodealagoas.com.br\/inicio\/wp-json\/wp\/v2\/posts\/39182\/revisions"}],"predecessor-version":[{"id":39184,"href":"https:\/\/visaodealagoas.com.br\/inicio\/wp-json\/wp\/v2\/posts\/39182\/revisions\/39184"}],"wp:featuredmedia":[{"embeddable":true,"href":"https:\/\/visaodealagoas.com.br\/inicio\/wp-json\/wp\/v2\/media\/39183"}],"wp:attachment":[{"href":"https:\/\/visaodealagoas.com.br\/inicio\/wp-json\/wp\/v2\/media?parent=39182"}],"wp:term":[{"taxonomy":"category","embeddable":true,"href":"https:\/\/visaodealagoas.com.br\/inicio\/wp-json\/wp\/v2\/categories?post=39182"},{"taxonomy":"post_tag","embeddable":true,"href":"https:\/\/visaodealagoas.com.br\/inicio\/wp-json\/wp\/v2\/tags?post=39182"}],"curies":[{"name":"wp","href":"https:\/\/api.w.org\/{rel}","templated":true}]}}