
{"id":39178,"date":"2026-08-31T15:51:37","date_gmt":"2026-08-31T18:51:37","guid":{"rendered":"https:\/\/visaodealagoas.com.br\/inicio\/?p=39178"},"modified":"2026-08-31T15:58:19","modified_gmt":"2026-08-31T18:58:19","slug":"saude-promove-roda-de-conversa-sobre-fortalecimento-do-programa-de-controle-do-tabagismo","status":"publish","type":"post","link":"https:\/\/visaodealagoas.com.br\/inicio\/saude-promove-roda-de-conversa-sobre-fortalecimento-do-programa-de-controle-do-tabagismo\/","title":{"rendered":"Sa\u00fade promove roda de conversa sobre fortalecimento do Programa de Controle do Tabagismo"},"content":{"rendered":"<p><em>Encontro foi realizado em parceria com eMulti e a Coordena\u00e7\u00e3o Promo\u00e7\u00e3o de Sa\u00fade e Educa\u00e7\u00e3o, com foco na qualifica\u00e7\u00e3o do cuidado \u00e0s pessoas que fumam<\/em><\/p>\n<p data-base-font=\"18\"><span data-base-font=\"18\">A Secretaria de Sa\u00fade de Macei\u00f3 (SMS) promoveu uma roda de conversa sobre o fortalecimento do Programa de Controle do Tabagismo, nesta segunda-feira (31). A atividade ocorreu no audit\u00f3rio da Diretoria de Vigil\u00e2ncia em Sa\u00fade de Macei\u00f3 (DVS), em Jaragu\u00e1, e foi voltada para profissionais das equipes Multiprofissionais na Aten\u00e7\u00e3o Prim\u00e1ria \u00e0 Sa\u00fade (eMulti).\u00a0<\/span><\/p>\n<p class=\"text-justify\" data-base-font=\"18\"><span data-base-font=\"18\">O encontro tev o apoio da eMulti e da Coordena\u00e7\u00e3o de Promo\u00e7\u00e3o de Sa\u00fade e Educa\u00e7\u00e3o, com foco na qualifica\u00e7\u00e3o do cuidado \u00e0s pessoas que fumam. Al\u00e9m disso, foi evidenciado a integra\u00e7\u00e3o das a\u00e7\u00f5es nos territ\u00f3rios. A a\u00e7\u00e3o foi conduzida pela t\u00e9cnica La\u00eds Porangaba, que refor\u00e7ou a import\u00e2ncia da atua\u00e7\u00e3o das eMultis nas pr\u00e1ticas de cuidado aos fumantes.\u00a0\u00a0<\/span><\/p>\n<p class=\"text-justify\" data-base-font=\"18\"><span data-base-font=\"18\">Para Kelly Luz, t\u00e9cnica respons\u00e1vel pelo eMulti, a atividade representa uma importante estrat\u00e9gia de qualifica\u00e7\u00e3o do trabalho desenvolvido pelas equipes.<\/span><\/p>\n<p class=\"text-justify\" data-base-font=\"18\"><span data-base-font=\"18\">\u201cMomentos como estes fortalecem a atua\u00e7\u00e3o das eMultis e ampliam nossa capacidade de responder \u00e0s necessidades de cada territ\u00f3rio. A troca de conhecimentos e experi\u00eancias contribui diretamente para qualificar o cuidado e fortalecer uma atua\u00e7\u00e3o integrada, resolutiva e alinhada \u00e0s a\u00e7\u00f5es de promo\u00e7\u00e3o da sa\u00fade\u201d, declarou Kelly Luz.\u00a0<\/span><\/p>\n<p class=\"text-justify\" data-base-font=\"18\"><span data-base-font=\"18\">A iniciativa teve duas turmas, uma no dia 24 e a \u00faltima nesta segunda-feira, e refor\u00e7ou o compromisso com a educa\u00e7\u00e3o permanente e o trabalho colaborativo, contribuindo para ampliar a qualidade da assist\u00eancia e das a\u00e7\u00f5es de promo\u00e7\u00e3o da sa\u00fade desenvolvidas junto \u00e0 popula\u00e7\u00e3o.<\/span><\/p>\n<p data-base-font=\"18\">F0nte: Acom SMS<\/p>\n","protected":false},"excerpt":{"rendered":"<p>Encontro foi realizado em parceria com eMulti e a Coordena\u00e7\u00e3o Promo\u00e7\u00e3o de Sa\u00fade e Educa\u00e7\u00e3o, com foco na qualifica\u00e7\u00e3o do cuidado \u00e0s pessoas que fumam A Secretaria de Sa\u00fade de Macei\u00f3 (SMS) promoveu uma roda de conversa sobre o fortalecimento do Programa de Controle do Tabagismo, nesta segunda-feira (31). A atividade ocorreu no audit\u00f3rio da &#8230;<\/p>\n","protected":false},"author":4,"featured_media":39179,"comment_status":"closed","ping_status":"open","sticky":false,"template":"","format":"standard","meta":{"footnotes":""},"categories":[77],"tags":[],"class_list":["post-39178","post","type-post","status-publish","format-standard","has-post-thumbnail","hentry","category-contidiano"],"_links":{"self":[{"href":"https:\/\/visaodealagoas.com.br\/inicio\/wp-json\/wp\/v2\/posts\/39178","targetHints":{"allow":["GET"]}}],"collection":[{"href":"https:\/\/visaodealagoas.com.br\/inicio\/wp-json\/wp\/v2\/posts"}],"about":[{"href":"https:\/\/visaodealagoas.com.br\/inicio\/wp-json\/wp\/v2\/types\/post"}],"author":[{"embeddable":true,"href":"https:\/\/visaodealagoas.com.br\/inicio\/wp-json\/wp\/v2\/users\/4"}],"replies":[{"embeddable":true,"href":"https:\/\/visaodealagoas.com.br\/inicio\/wp-json\/wp\/v2\/comments?post=39178"}],"version-history":[{"count":1,"href":"https:\/\/visaodealagoas.com.br\/inicio\/wp-json\/wp\/v2\/posts\/39178\/revisions"}],"predecessor-version":[{"id":39180,"href":"https:\/\/visaodealagoas.com.br\/inicio\/wp-json\/wp\/v2\/posts\/39178\/revisions\/39180"}],"wp:featuredmedia":[{"embeddable":true,"href":"https:\/\/visaodealagoas.com.br\/inicio\/wp-json\/wp\/v2\/media\/39179"}],"wp:attachment":[{"href":"https:\/\/visaodealagoas.com.br\/inicio\/wp-json\/wp\/v2\/media?parent=39178"}],"wp:term":[{"taxonomy":"category","embeddable":true,"href":"https:\/\/visaodealagoas.com.br\/inicio\/wp-json\/wp\/v2\/categories?post=39178"},{"taxonomy":"post_tag","embeddable":true,"href":"https:\/\/visaodealagoas.com.br\/inicio\/wp-json\/wp\/v2\/tags?post=39178"}],"curies":[{"name":"wp","href":"https:\/\/api.w.org\/{rel}","templated":true}]}}