
{"id":39176,"date":"2026-08-31T15:46:49","date_gmt":"2026-08-31T18:46:49","guid":{"rendered":"https:\/\/visaodealagoas.com.br\/inicio\/?p=39176"},"modified":"2026-08-31T15:56:24","modified_gmt":"2026-08-31T18:56:24","slug":"maceio-abre-prazo-para-acordo-direto-de-precatorios-com-participacao-do-tjal-justica-federal-e-justica-do-trabalho","status":"publish","type":"post","link":"https:\/\/visaodealagoas.com.br\/inicio\/maceio-abre-prazo-para-acordo-direto-de-precatorios-com-participacao-do-tjal-justica-federal-e-justica-do-trabalho\/","title":{"rendered":"Macei\u00f3 abre prazo para acordo direto de precat\u00f3rios com participa\u00e7\u00e3o do TJAL, Justi\u00e7a Federal e Justi\u00e7a do Trabalho"},"content":{"rendered":"<p><em>O edital prev\u00ea descontos de 30%, 35% ou 40%, conforme o ano de inscri\u00e7\u00e3o<\/em><\/p>\n<p data-base-font=\"18\">O Munic\u00edpio de Macei\u00f3 abriu, nesta segunda-feira (31), o prazo para habilita\u00e7\u00e3o de credores interessados na firmar acordos diretos para pagamento de precat\u00f3rios, em procedimento realizado com a participa\u00e7\u00e3o do Tribunal de Justi\u00e7a de Alagoas, da Justi\u00e7a Federal e da Justi\u00e7a do Trabalho. As inscri\u00e7\u00f5es come\u00e7am \u00e0s 8h desta ter\u00e7a-feira (1\u00ba) e seguem at\u00e9 as 10h do dia 18 de setembro.<\/p>\n<p data-base-font=\"18\">Os pedidos devem ser apresentados \u00e0 C\u00e2mara de Concilia\u00e7\u00e3o de Precat\u00f3rios, presencialmente na sede da Procuradoria-Geral do Munic\u00edpio, na Rua Dr. Pedro Monteiro, 291, no bairro do Centro ou endere\u00e7o eletr\u00f4nico\u00a0<a href=\"https:\/\/precatorios.pgm.maceio.al.gov.br\/\" data-base-font=\"18\">https:\/\/precatorios.pgm.maceio.al.gov.br<\/a>. Ap\u00f3s a an\u00e1lise, a rela\u00e7\u00e3o preliminar dos habilitados ser\u00e1 publicada at\u00e9 28 de setembro, com prazo para recursos at\u00e9 as 10h de 1\u00ba de outubro.<\/p>\n<p data-base-font=\"18\">A lista definitiva dos credores habilitados e as informa\u00e7\u00f5es sobre local, datas e hor\u00e1rios das sess\u00f5es de concilia\u00e7\u00e3o ser\u00e3o divulgadas at\u00e9 23 de outubro. As audi\u00eancias ocorrer\u00e3o entre 23 e 26 de novembro, e a previs\u00e3o \u00e9 de pagamento at\u00e9 18 de dezembro de 2026.\u00a0 Leia o edital completo.<\/p>\n<p data-base-font=\"18\">O edital prev\u00ea descontos de 30%, 35% ou 40%, conforme o ano de inscri\u00e7\u00e3o e o valor do precat\u00f3rio, e destina at\u00e9 R$ 16,57 milh\u00f5es para a realiza\u00e7\u00e3o dos acordos.<\/p>\n<p data-base-font=\"18\">Fonte: Acom SMS<\/p>\n","protected":false},"excerpt":{"rendered":"<p>O edital prev\u00ea descontos de 30%, 35% ou 40%, conforme o ano de inscri\u00e7\u00e3o O Munic\u00edpio de Macei\u00f3 abriu, nesta segunda-feira (31), o prazo para habilita\u00e7\u00e3o de credores interessados na firmar acordos diretos para pagamento de precat\u00f3rios, em procedimento realizado com a participa\u00e7\u00e3o do Tribunal de Justi\u00e7a de Alagoas, da Justi\u00e7a Federal e da Justi\u00e7a &#8230;<\/p>\n","protected":false},"author":4,"featured_media":39172,"comment_status":"closed","ping_status":"open","sticky":false,"template":"","format":"standard","meta":{"footnotes":""},"categories":[41],"tags":[],"class_list":["post-39176","post","type-post","status-publish","format-standard","has-post-thumbnail","hentry","category-politica"],"_links":{"self":[{"href":"https:\/\/visaodealagoas.com.br\/inicio\/wp-json\/wp\/v2\/posts\/39176","targetHints":{"allow":["GET"]}}],"collection":[{"href":"https:\/\/visaodealagoas.com.br\/inicio\/wp-json\/wp\/v2\/posts"}],"about":[{"href":"https:\/\/visaodealagoas.com.br\/inicio\/wp-json\/wp\/v2\/types\/post"}],"author":[{"embeddable":true,"href":"https:\/\/visaodealagoas.com.br\/inicio\/wp-json\/wp\/v2\/users\/4"}],"replies":[{"embeddable":true,"href":"https:\/\/visaodealagoas.com.br\/inicio\/wp-json\/wp\/v2\/comments?post=39176"}],"version-history":[{"count":2,"href":"https:\/\/visaodealagoas.com.br\/inicio\/wp-json\/wp\/v2\/posts\/39176\/revisions"}],"predecessor-version":[{"id":39181,"href":"https:\/\/visaodealagoas.com.br\/inicio\/wp-json\/wp\/v2\/posts\/39176\/revisions\/39181"}],"wp:featuredmedia":[{"embeddable":true,"href":"https:\/\/visaodealagoas.com.br\/inicio\/wp-json\/wp\/v2\/media\/39172"}],"wp:attachment":[{"href":"https:\/\/visaodealagoas.com.br\/inicio\/wp-json\/wp\/v2\/media?parent=39176"}],"wp:term":[{"taxonomy":"category","embeddable":true,"href":"https:\/\/visaodealagoas.com.br\/inicio\/wp-json\/wp\/v2\/categories?post=39176"},{"taxonomy":"post_tag","embeddable":true,"href":"https:\/\/visaodealagoas.com.br\/inicio\/wp-json\/wp\/v2\/tags?post=39176"}],"curies":[{"name":"wp","href":"https:\/\/api.w.org\/{rel}","templated":true}]}}